{"id":23709,"date":"2025-04-29T17:27:07","date_gmt":"2025-04-29T20:27:07","guid":{"rendered":"https:\/\/agenciacarcara.com.br\/marketingagronegocio\/?p=23709"},"modified":"2025-04-29T17:28:04","modified_gmt":"2025-04-29T20:28:04","slug":"pistilo-frutas-e-agencia-carcara-criacao-da-nova-identidade-visual-para-conquistar-o-brasil-e-a-europa","status":"publish","type":"post","link":"https:\/\/agenciacarcara.com.br\/marketingagronegocio\/pistilo-frutas-e-agencia-carcara-criacao-da-nova-identidade-visual-para-conquistar-o-brasil-e-a-europa\/","title":{"rendered":"Pistilo Frutas e Ag\u00eancia Carcar\u00e1: Cria\u00e7\u00e3o da Nova Identidade Visual para Conquistar o Brasil e a Europa!"},"content":{"rendered":"\n<p>De Bara\u00fana, no cora\u00e7\u00e3o do Rio Grande do Norte, para as mesas mais exigentes da Alemanha, Fran\u00e7a, Inglaterra, Espanha, Portugal e muitos outros pa\u00edses da Europa. Essa \u00e9 a jornada do Mam\u00e3o Formosa cultivado pela Pistilo Frutas, uma empresa que, h\u00e1 26 anos, transforma a terra em frutos de excel\u00eancia e leva o nome do Brasil para o mundo. Mas, diante de um legado t\u00e3o rico, de um compromisso com a qualidade que atravessa fronteiras e da necessidade de se destacar em mercados globais competitivos, como garantir que a identidade visual de uma marca capture toda essa hist\u00f3ria, projete sua vis\u00e3o de futuro e conquiste o reconhecimento que merece?<\/p>\n\n\n\n<p>Esse era o desafio para a Pistilo Frutas. Eles cultivam mais do que frutas; cultivam um compromisso com a qualidade e a inova\u00e7\u00e3o. Precisavam de uma identidade visual que refletisse essa ess\u00eancia, que falasse a l\u00edngua do mercado global e que mantivesse a for\u00e7a de suas ra\u00edzes em Bara\u00fana. E na Ag\u00eancia Carcar\u00e1, especialista em transformar potencial em comunica\u00e7\u00e3o estrat\u00e9gica, entendemos que a resposta n\u00e3o estava em um simples &#8220;retoque&#8221; na logo, mas em uma&nbsp;<strong>arquitetura de marca que resolvesse os desafios de posicionamento, reconhecimento e conex\u00e3o<\/strong>&nbsp;em cada ponto de contato visual. Com a mesma paix\u00e3o e estrat\u00e9gia que nos movem, iniciamos nossa parceria com a Pistilo para cultivar sua nova fase visual.<\/p>\n\n\n\n<h2 class=\"wp-block-heading\"><strong>Nossos Primeiros Passos: Entendendo e Cultivando a Nova Identidade Pistilo<\/strong><\/h2>\n\n\n\n<figure class=\"wp-block-image size-large\"><img fetchpriority=\"high\" decoding=\"async\" width=\"1024\" height=\"658\" src=\"http:\/\/agenciacarcara.com.br\/marketingagronegocio\/wp-content\/uploads\/2025\/04\/Pistilo-Frutas-e-Agencia-Carcara-criando-a-Nova-Identidade-Visual-que-Conquista-o-Brasil-e-a-Europa-2-1024x658.jpg\" alt=\"De Bara\u00fana, no cora\u00e7\u00e3o do Rio Grande do Norte, para as mesas mais exigentes da Alemanha, Fran\u00e7a, Inglaterra, Espanha, Portugal e muitos outros pa\u00edses da Europa. Essa \u00e9 a jornada do Mam\u00e3o Formosa cultivado pela Pistilo Frutas, uma empresa que, h\u00e1 26 anos, transforma a terra em frutos de excel\u00eancia e leva o nome do Brasil para o mundo. Mas, diante de um legado t\u00e3o rico, de um compromisso com a qualidade que atravessa fronteiras e da necessidade de se destacar em mercados globais competitivos, como garantir que a identidade visual de uma marca capture toda essa hist\u00f3ria, projete sua vis\u00e3o de futuro e conquiste o reconhecimento que merece? Esse era o desafio para a Pistilo Frutas. Eles cultivam mais do que frutas; cultivam um compromisso com a qualidade e a inova\u00e7\u00e3o. Precisavam de uma identidade visual que refletisse essa ess\u00eancia, que falasse a l\u00edngua do mercado global e que mantivesse a for\u00e7a de suas ra\u00edzes em Bara\u00fana. E na Ag\u00eancia Carcar\u00e1, especialista em transformar potencial em comunica\u00e7\u00e3o estrat\u00e9gica, entendemos que a resposta n\u00e3o estava em um simples &quot;retoque&quot; na logo, mas em uma\u00a0arquitetura de marca que resolvesse os desafios de posicionamento, reconhecimento e conex\u00e3o\u00a0em cada ponto de contato visual. Com a mesma paix\u00e3o e estrat\u00e9gia que nos movem, iniciamos nossa parceria com a Pistilo para cultivar sua nova fase visual.\" class=\"wp-image-23711\" srcset=\"https:\/\/agenciacarcara.com.br\/marketingagronegocio\/wp-content\/uploads\/2025\/04\/Pistilo-Frutas-e-Agencia-Carcara-criando-a-Nova-Identidade-Visual-que-Conquista-o-Brasil-e-a-Europa-2-1024x658.jpg 1024w, https:\/\/agenciacarcara.com.br\/marketingagronegocio\/wp-content\/uploads\/2025\/04\/Pistilo-Frutas-e-Agencia-Carcara-criando-a-Nova-Identidade-Visual-que-Conquista-o-Brasil-e-a-Europa-2-300x193.jpg 300w, https:\/\/agenciacarcara.com.br\/marketingagronegocio\/wp-content\/uploads\/2025\/04\/Pistilo-Frutas-e-Agencia-Carcara-criando-a-Nova-Identidade-Visual-que-Conquista-o-Brasil-e-a-Europa-2-768x494.jpg 768w, https:\/\/agenciacarcara.com.br\/marketingagronegocio\/wp-content\/uploads\/2025\/04\/Pistilo-Frutas-e-Agencia-Carcara-criando-a-Nova-Identidade-Visual-que-Conquista-o-Brasil-e-a-Europa-2-370x238.jpg 370w, https:\/\/agenciacarcara.com.br\/marketingagronegocio\/wp-content\/uploads\/2025\/04\/Pistilo-Frutas-e-Agencia-Carcara-criando-a-Nova-Identidade-Visual-que-Conquista-o-Brasil-e-a-Europa-2-840x540.jpg 840w, https:\/\/agenciacarcara.com.br\/marketingagronegocio\/wp-content\/uploads\/2025\/04\/Pistilo-Frutas-e-Agencia-Carcara-criando-a-Nova-Identidade-Visual-que-Conquista-o-Brasil-e-a-Europa-2-410x264.jpg 410w, https:\/\/agenciacarcara.com.br\/marketingagronegocio\/wp-content\/uploads\/2025\/04\/Pistilo-Frutas-e-Agencia-Carcara-criando-a-Nova-Identidade-Visual-que-Conquista-o-Brasil-e-a-Europa-2.jpg 1255w\" sizes=\"(max-width: 1024px) 100vw, 1024px\" \/><\/figure>\n\n\n\n<p>Nossa jornada com a Pistilo Frutas come\u00e7a com um mergulho profundo em sua hist\u00f3ria, seus valores e seu processo de cultivo em Bara\u00fana. Entendemos o simbolismo do nome \u2013 o &#8220;Pistilo&#8221; como a ess\u00eancia da fruta, o jogo de palavras com &#8220;Pi&#8221; e &#8220;stilo&#8221; que une natureza, precis\u00e3o e eleg\u00e2ncia. Compreendemos a magnitude de exportar Mam\u00e3o Formosa para mercados exigentes como a Alemanha, Fran\u00e7a e Espanha. Com base neste diagn\u00f3stico preciso, identificamos os desafios que a identidade visual precisava resolver para impulsionar a pr\u00f3xima fase da empresa:<\/p>\n\n\n\n<ul class=\"wp-block-list\">\n<li><strong>Problema:<\/strong>\u00a0A identidade visual atual n\u00e3o comunicava totalmente a evolu\u00e7\u00e3o da empresa, seus 26 anos de hist\u00f3ria e sua presen\u00e7a em mercados globais sofisticados.\n<ul class=\"wp-block-list\">\n<li><strong>Nossa Solu\u00e7\u00e3o:<\/strong>\u00a0<strong>Modernizar a Identidade Visual Principal:<\/strong>\u00a0Trabalhamos para\u00a0<strong>reimaginar a logomarca<\/strong>\u00a0Pistilo, mantendo o s\u00edmbolo essencial do &#8220;Pi&#8221; e sua conex\u00e3o com a natureza, mas injetando modernidade, sofistica\u00e7\u00e3o e a energia de uma empresa que inova. O objetivo \u00e9 que o primeiro olhar para a marca\u00a0<strong>transmita a for\u00e7a de 26 anos de hist\u00f3ria, o rigor da qualidade e a vis\u00e3o de futuro<\/strong>\u00a0que a Pistilo representa.<\/li>\n<\/ul>\n<\/li>\n\n\n\n<li><strong>Problema:<\/strong>\u00a0A marca precisa de um &#8220;ecossistema visual&#8221; completo para se comunicar de forma coesa e profissional em todos os seus pontos de contato \u2013 de materiais de apresenta\u00e7\u00e3o a embalagens e presen\u00e7a digital \u2013 tanto no Brasil quanto na Europa.\n<ul class=\"wp-block-list\">\n<li><strong>Nossa Solu\u00e7\u00e3o:<\/strong>\u00a0<strong>Arquitetar Elementos Gr\u00e1ficos para a Nova Fase:<\/strong>\u00a0Al\u00e9m da logomarca, estamos criando um\u00a0<strong>conjunto abrangente de elementos visuais<\/strong>\u00a0(paleta de cores expandida, tipografia complementar, padr\u00f5es gr\u00e1ficos, diretrizes de aplica\u00e7\u00e3o) que funcionar\u00e3o como o &#8220;idioma&#8221; visual da Pistilo. Isso resolver\u00e1 o desafio da\u00a0<strong>inconsist\u00eancia e da comunica\u00e7\u00e3o profissional<\/strong>, garantindo que, seja em uma feira na Europa, em uma apresenta\u00e7\u00e3o para um cliente no Brasil ou em uma embalagem que chega ao consumidor final, a marca Pistilo\u00a0<strong>fale com clareza, autenticidade e o estilo<\/strong>\u00a0que a define.<\/li>\n<\/ul>\n<\/li>\n<\/ul>\n\n\n\n<h2 class=\"wp-block-heading\"><strong>Mais do que Frutas: Cultivando Qualidade e Inova\u00e7\u00e3o que Atravessam Fronteiras<\/strong><\/h2>\n\n\n\n<figure class=\"wp-block-image size-large\"><img decoding=\"async\" width=\"1024\" height=\"559\" src=\"http:\/\/agenciacarcara.com.br\/marketingagronegocio\/wp-content\/uploads\/2025\/04\/Marketing-Agroindustria-do-Tabaco-6-anos-de-Estrategias-e-Comunicacao-Digital-2-1024x559.jpg\" alt=\"BAT Brasil e Ag\u00eancia Carcar\u00e1: 6 Anos de Marketing Estrat\u00e9gico e Comunica\u00e7\u00e3o para o Agroneg\u00f3cio e Agroind\u00fastria do Tabaco! A ind\u00fastria do tabaco \u00e9, sem d\u00favida, um dos segmentos mais complexos e desafiadores do agroneg\u00f3cio e da agroind\u00fastria brasileira. Ela une a tradi\u00e7\u00e3o secular do cultivo no campo com o rigor da produ\u00e7\u00e3o industrial em larga escala, a complexidade de um mercado global altamente regulado e a responsabilidade social de impactar milhares de fam\u00edlias de produtores rurais. Em um cen\u00e1rio assim, onde a percep\u00e7\u00e3o p\u00fablica \u00e9 sens\u00edvel e a comunica\u00e7\u00e3o precisa ser precisa, transparente e estrat\u00e9gica, como uma empresa l\u00edder garante que sua mensagem \u2013 sobre qualidade, sustentabilidade, rela\u00e7\u00e3o com o produtor e excel\u00eancia operacional \u2013 n\u00e3o apenas chegue, mas ressoe e construa confian\u00e7a com todos os seus p\u00fablicos?\" class=\"wp-image-23691\" srcset=\"https:\/\/agenciacarcara.com.br\/marketingagronegocio\/wp-content\/uploads\/2025\/04\/Marketing-Agroindustria-do-Tabaco-6-anos-de-Estrategias-e-Comunicacao-Digital-2-1024x559.jpg 1024w, https:\/\/agenciacarcara.com.br\/marketingagronegocio\/wp-content\/uploads\/2025\/04\/Marketing-Agroindustria-do-Tabaco-6-anos-de-Estrategias-e-Comunicacao-Digital-2-300x164.jpg 300w, https:\/\/agenciacarcara.com.br\/marketingagronegocio\/wp-content\/uploads\/2025\/04\/Marketing-Agroindustria-do-Tabaco-6-anos-de-Estrategias-e-Comunicacao-Digital-2-768x419.jpg 768w, https:\/\/agenciacarcara.com.br\/marketingagronegocio\/wp-content\/uploads\/2025\/04\/Marketing-Agroindustria-do-Tabaco-6-anos-de-Estrategias-e-Comunicacao-Digital-2-370x202.jpg 370w, https:\/\/agenciacarcara.com.br\/marketingagronegocio\/wp-content\/uploads\/2025\/04\/Marketing-Agroindustria-do-Tabaco-6-anos-de-Estrategias-e-Comunicacao-Digital-2-840x458.jpg 840w, https:\/\/agenciacarcara.com.br\/marketingagronegocio\/wp-content\/uploads\/2025\/04\/Marketing-Agroindustria-do-Tabaco-6-anos-de-Estrategias-e-Comunicacao-Digital-2-410x224.jpg 410w, https:\/\/agenciacarcara.com.br\/marketingagronegocio\/wp-content\/uploads\/2025\/04\/Marketing-Agroindustria-do-Tabaco-6-anos-de-Estrategias-e-Comunicacao-Digital-2.jpg 1408w\" sizes=\"(max-width: 1024px) 100vw, 1024px\" \/><\/figure>\n\n\n\n<p>A Pistilo nos ensinou que &#8220;cultivar&#8221; vai al\u00e9m do plantio. Eles cultivam um compromisso. E nossa parceria reflete isso. N\u00e3o estamos apenas desenvolvendo designs; estamos cultivando uma identidade visual que:<\/p>\n\n\n\n<ul class=\"wp-block-list\">\n<li><strong>Inspira Confian\u00e7a:<\/strong>\u00a0Essencial para uma empresa que exporta para mercados exigentes.<\/li>\n\n\n\n<li><strong>Comunica Qualidade:<\/strong>\u00a0Traduzindo visualmente a excel\u00eancia do Mam\u00e3o Formosa e dos processos.<\/li>\n\n\n\n<li><strong>Projeta Inova\u00e7\u00e3o:<\/strong>\u00a0Mostrando que a tradi\u00e7\u00e3o no campo caminha lado a lado com a modernidade e a vis\u00e3o de futuro.<\/li>\n\n\n\n<li><strong>Celebra a Origem:<\/strong>\u00a0Mantendo a conex\u00e3o com Bara\u00fana e o solo potiguar.<\/li>\n\n\n\n<li><strong>Fala a L\u00edngua Global:<\/strong>\u00a0Com um design que ressoa com p\u00fablicos diversos no Brasil e em pa\u00edses como Alemanha, Fran\u00e7a, Inglaterra, Espanha, Portugal e muitos outros.<\/li>\n<\/ul>\n\n\n\n<p>Assim como um bom cultivo exige tempo, cuidado e o solo certo, construir uma marca forte exige estrat\u00e9gia, criatividade e uma parceria que entenda a ess\u00eancia do neg\u00f3cio. Com a Pistilo Frutas, encontramos um terreno f\u00e9rtil para a comunica\u00e7\u00e3o estrat\u00e9gica.<\/p>\n\n\n\n<h2 class=\"wp-block-heading\"><strong>Honra de poder ajudar mais uma empresa do Agro<\/strong><\/h2>\n\n\n\n<figure class=\"wp-block-image size-large\"><img decoding=\"async\" width=\"1024\" height=\"717\" src=\"http:\/\/agenciacarcara.com.br\/marketingagronegocio\/wp-content\/uploads\/2024\/05\/Comunicacao-Corporativa-no-Agronegocio-1-1-1024x717.jpg\" alt=\"Seu neg\u00f3cio agro tem uma hist\u00f3ria poderosa, valores s\u00f3lidos e diferenciais claros, mas seus p\u00fablicos estrat\u00e9gicos \u2013 clientes, parceiros, investidores, colaboradores e a comunidade \u2013 realmente percebem todo esse valor? Em um setor onde confian\u00e7a, transpar\u00eancia e relacionamentos s\u00e3o a base de tudo, uma comunica\u00e7\u00e3o corporativa gen\u00e9rica ou desalinhada pode significar oportunidades perdidas e conex\u00f5es enfraquecidas. A Ag\u00eancia Carcar\u00e1, especialista em AgroMarketing, vai al\u00e9m da simples cria\u00e7\u00e3o de materiais. N\u00f3s arquitetamos sua comunica\u00e7\u00e3o corporativa como uma ponte estrat\u00e9gica, garantindo que sua mensagem essencial n\u00e3o apenas chegue, mas ressoe, inspire confian\u00e7a e fortale\u00e7a os v\u00ednculos cruciais para o sucesso e a sustentabilidade do seu neg\u00f3cio. Queremos que sua comunica\u00e7\u00e3o seja vista como reflexo da sua excel\u00eancia: aut\u00eantica, profissional e cheia de significado\" class=\"wp-image-23635\" srcset=\"https:\/\/agenciacarcara.com.br\/marketingagronegocio\/wp-content\/uploads\/2024\/05\/Comunicacao-Corporativa-no-Agronegocio-1-1-1024x717.jpg 1024w, https:\/\/agenciacarcara.com.br\/marketingagronegocio\/wp-content\/uploads\/2024\/05\/Comunicacao-Corporativa-no-Agronegocio-1-1-300x210.jpg 300w, https:\/\/agenciacarcara.com.br\/marketingagronegocio\/wp-content\/uploads\/2024\/05\/Comunicacao-Corporativa-no-Agronegocio-1-1-768x538.jpg 768w, https:\/\/agenciacarcara.com.br\/marketingagronegocio\/wp-content\/uploads\/2024\/05\/Comunicacao-Corporativa-no-Agronegocio-1-1-370x259.jpg 370w, https:\/\/agenciacarcara.com.br\/marketingagronegocio\/wp-content\/uploads\/2024\/05\/Comunicacao-Corporativa-no-Agronegocio-1-1-840x588.jpg 840w, https:\/\/agenciacarcara.com.br\/marketingagronegocio\/wp-content\/uploads\/2024\/05\/Comunicacao-Corporativa-no-Agronegocio-1-1-410x287.jpg 410w, https:\/\/agenciacarcara.com.br\/marketingagronegocio\/wp-content\/uploads\/2024\/05\/Comunicacao-Corporativa-no-Agronegocio-1-1.jpg 1280w\" sizes=\"(max-width: 1024px) 100vw, 1024px\" \/><\/figure>\n\n\n\n<p>A jornada da Pistilo Frutas \u2013 de Bara\u00fana para o mundo, cultivando excel\u00eancia em Mam\u00e3o Formosa h\u00e1 26 anos \u2013 \u00e9 uma hist\u00f3ria de sucesso que merece ser contada com uma identidade visual \u00e0 altura de sua magnitude. A Ag\u00eancia Carcar\u00e1 tem a honra de ser a parceira escolhida para arquitetar essa nova fase visual, resolvendo os desafios de Branding para uma empresa que cultiva mais do que frutas; cultiva compromisso, qualidade e inova\u00e7\u00e3o que atravessam fronteiras.<\/p>\n\n\n\n<p>Estamos apenas come\u00e7ando a cultivar essa nova identidade, mas a expectativa j\u00e1 \u00e9 de colher frutos visuais que impulsionar\u00e3o a Pistilo para novos patamares de sucesso no Brasil e na Europa.<\/p>\n\n\n\n<p>Fique atento aos pr\u00f3ximos passos dessa parceria que est\u00e1 transformando a ess\u00eancia da fruta em uma marca inesquec\u00edvel.<\/p>\n\n\n\n<h2 class=\"wp-block-heading\"><strong>Conectamos pessoas! Em Bras\u00edlia e no Brasil com as melhores pr\u00e1ticas e t\u00e9cnicas de comunica\u00e7\u00e3o e estrat\u00e9gica do mercado.<\/strong><\/h2>\n\n\n\n<figure class=\"wp-block-image\"><img loading=\"lazy\" decoding=\"async\" width=\"1024\" height=\"569\" src=\"https:\/\/agenciacarcara.com.br\/marketingagronegocio\/wp-content\/uploads\/2024\/05\/melhor-agencia-de-marketing-agronegocio-carcara-agromarketing-4-1024x569.jpg\" alt=\"A Carcar\u00e1, ag\u00eancia especializada em Agromarketing, te ajuda a construir uma cultura de engajamento que fortalece os la\u00e7os entre a empresa e seus colaboradores, com o auxilio do Endomarketing, impulsionando a produtividade, a motiva\u00e7\u00e3o e o orgulho de pertencer a uma equipe vencedora.\" class=\"wp-image-23067\" srcset=\"https:\/\/agenciacarcara.com.br\/marketingagronegocio\/wp-content\/uploads\/2024\/05\/melhor-agencia-de-marketing-agronegocio-carcara-agromarketing-4-1024x569.jpg 1024w, https:\/\/agenciacarcara.com.br\/marketingagronegocio\/wp-content\/uploads\/2024\/05\/melhor-agencia-de-marketing-agronegocio-carcara-agromarketing-4-300x167.jpg 300w, https:\/\/agenciacarcara.com.br\/marketingagronegocio\/wp-content\/uploads\/2024\/05\/melhor-agencia-de-marketing-agronegocio-carcara-agromarketing-4-768x427.jpg 768w, https:\/\/agenciacarcara.com.br\/marketingagronegocio\/wp-content\/uploads\/2024\/05\/melhor-agencia-de-marketing-agronegocio-carcara-agromarketing-4-370x206.jpg 370w, https:\/\/agenciacarcara.com.br\/marketingagronegocio\/wp-content\/uploads\/2024\/05\/melhor-agencia-de-marketing-agronegocio-carcara-agromarketing-4-840x467.jpg 840w, https:\/\/agenciacarcara.com.br\/marketingagronegocio\/wp-content\/uploads\/2024\/05\/melhor-agencia-de-marketing-agronegocio-carcara-agromarketing-4-410x228.jpg 410w, https:\/\/agenciacarcara.com.br\/marketingagronegocio\/wp-content\/uploads\/2024\/05\/melhor-agencia-de-marketing-agronegocio-carcara-agromarketing-4.jpg 1350w\" sizes=\"(max-width: 1024px) 100vw, 1024px\" \/><\/figure>\n\n\n\n<h3 class=\"wp-block-heading\">Voc\u00ea sabe qual \u00e9 o nosso real diferencial? Al\u00e9m de inovadores, criamos conceito em todos os nossos projetos! Solicite um or\u00e7amento, vamos tomar um caf\u00e9 e entender suas necessidades e elaborar uma solu\u00e7\u00e3o diferenciada para voc\u00ea!&nbsp;<a href=\"https:\/\/agenciacarcara.com.br\/contato\/\">Saiba mais.<\/a><\/h3>\n\n\n\n<p><strong>Conhe\u00e7a nossos canais sociais<\/strong>:&nbsp;<a href=\"https:\/\/instagram.com\/agenciacarcara\">Instagram<\/a>,&nbsp;<a href=\"https:\/\/www.facebook.com\/agenciacarcarabr\">Facebook<\/a>&nbsp;e&nbsp;<a href=\"https:\/\/www.youtube.com\/channel\/UCTre6VaKYncncM52UEA3eEw?sub_confirmation=1\">Youtube<\/a><\/p>\n","protected":false},"excerpt":{"rendered":"<p>De Bara\u00fana, no cora\u00e7\u00e3o do Rio Grande do Norte, para as mesas mais exigentes da Alemanha, Fran\u00e7a, Inglaterra, Espanha, Portugal e muitos outros pa\u00edses da Europa. Essa \u00e9 a jornada&hellip;<\/p>\n","protected":false},"author":1,"featured_media":23710,"comment_status":"closed","ping_status":"closed","sticky":false,"template":"","format":"standard","meta":{"footnotes":""},"categories":[220],"tags":[],"class_list":["post-23709","post","type-post","status-publish","format-standard","has-post-thumbnail","hentry","category-identidade-visual"],"yoast_head":"<!-- This site is optimized with the Yoast SEO plugin v27.4 - https:\/\/yoast.com\/product\/yoast-seo-wordpress\/ -->\n<title>Pistilo Frutas e Ag\u00eancia Carcar\u00e1: Cria\u00e7\u00e3o da Nova Identidade Visual para Conquistar o Brasil e a Europa! - Ag\u00eancia Carcar\u00e1 Marketing Agroneg\u00f3cio<\/title>\n<meta name=\"robots\" content=\"index, follow, max-snippet:-1, max-image-preview:large, max-video-preview:-1\" \/>\n<link rel=\"canonical\" href=\"https:\/\/agenciacarcara.com.br\/marketingagronegocio\/pistilo-frutas-e-agencia-carcara-criacao-da-nova-identidade-visual-para-conquistar-o-brasil-e-a-europa\/\" \/>\n<meta property=\"og:locale\" content=\"en_US\" \/>\n<meta property=\"og:type\" content=\"article\" \/>\n<meta property=\"og:title\" content=\"Pistilo Frutas e Ag\u00eancia Carcar\u00e1: Cria\u00e7\u00e3o da Nova Identidade Visual para Conquistar o Brasil e a Europa! - Ag\u00eancia Carcar\u00e1 Marketing Agroneg\u00f3cio\" \/>\n<meta property=\"og:description\" content=\"De Bara\u00fana, no cora\u00e7\u00e3o do Rio Grande do Norte, para as mesas mais exigentes da Alemanha, Fran\u00e7a, Inglaterra, Espanha, Portugal e muitos outros pa\u00edses da Europa. Essa \u00e9 a jornada&hellip;\" \/>\n<meta property=\"og:url\" content=\"https:\/\/agenciacarcara.com.br\/marketingagronegocio\/pistilo-frutas-e-agencia-carcara-criacao-da-nova-identidade-visual-para-conquistar-o-brasil-e-a-europa\/\" \/>\n<meta property=\"og:site_name\" content=\"Ag\u00eancia Carcar\u00e1 Marketing Agroneg\u00f3cio\" \/>\n<meta property=\"article:publisher\" content=\"https:\/\/www.facebook.com\/agenciacarcarabr\" \/>\n<meta property=\"article:published_time\" content=\"2025-04-29T20:27:07+00:00\" \/>\n<meta property=\"article:modified_time\" content=\"2025-04-29T20:28:04+00:00\" \/>\n<meta property=\"og:image\" content=\"http:\/\/agenciacarcara.com.br\/marketingagronegocio\/wp-content\/uploads\/2025\/04\/Pistilo-Frutas-e-Agencia-Carcara-criando-a-Nova-Identidade-Visual-que-Conquista-o-Brasil-e-a-Europa.jpg\" \/>\n\t<meta property=\"og:image:width\" content=\"1217\" \/>\n\t<meta property=\"og:image:height\" content=\"580\" \/>\n\t<meta property=\"og:image:type\" content=\"image\/jpeg\" \/>\n<meta name=\"author\" content=\"Mkt_adm_agro_24_car\" \/>\n<meta name=\"twitter:card\" content=\"summary_large_image\" \/>\n<meta name=\"twitter:creator\" content=\"@agenciacarcara\" \/>\n<meta name=\"twitter:site\" content=\"@agenciacarcara\" \/>\n<meta name=\"twitter:label1\" content=\"Written by\" \/>\n\t<meta name=\"twitter:data1\" content=\"Mkt_adm_agro_24_car\" \/>\n\t<meta name=\"twitter:label2\" content=\"Est. reading time\" \/>\n\t<meta name=\"twitter:data2\" content=\"6 minutes\" \/>\n<script type=\"application\/ld+json\" class=\"yoast-schema-graph\">{\"@context\":\"https:\\\/\\\/schema.org\",\"@graph\":[{\"@type\":\"Article\",\"@id\":\"https:\\\/\\\/agenciacarcara.com.br\\\/marketingagronegocio\\\/pistilo-frutas-e-agencia-carcara-criacao-da-nova-identidade-visual-para-conquistar-o-brasil-e-a-europa\\\/#article\",\"isPartOf\":{\"@id\":\"https:\\\/\\\/agenciacarcara.com.br\\\/marketingagronegocio\\\/pistilo-frutas-e-agencia-carcara-criacao-da-nova-identidade-visual-para-conquistar-o-brasil-e-a-europa\\\/\"},\"author\":{\"name\":\"Mkt_adm_agro_24_car\",\"@id\":\"https:\\\/\\\/agenciacarcara.com.br\\\/marketingagronegocio\\\/#\\\/schema\\\/person\\\/636cfcb9bda7b87de9ee1cf3c9dea1f9\"},\"headline\":\"Pistilo Frutas e Ag\u00eancia Carcar\u00e1: Cria\u00e7\u00e3o da Nova Identidade Visual para Conquistar o Brasil e a Europa!\",\"datePublished\":\"2025-04-29T20:27:07+00:00\",\"dateModified\":\"2025-04-29T20:28:04+00:00\",\"mainEntityOfPage\":{\"@id\":\"https:\\\/\\\/agenciacarcara.com.br\\\/marketingagronegocio\\\/pistilo-frutas-e-agencia-carcara-criacao-da-nova-identidade-visual-para-conquistar-o-brasil-e-a-europa\\\/\"},\"wordCount\":1009,\"publisher\":{\"@id\":\"https:\\\/\\\/agenciacarcara.com.br\\\/marketingagronegocio\\\/#organization\"},\"image\":{\"@id\":\"https:\\\/\\\/agenciacarcara.com.br\\\/marketingagronegocio\\\/pistilo-frutas-e-agencia-carcara-criacao-da-nova-identidade-visual-para-conquistar-o-brasil-e-a-europa\\\/#primaryimage\"},\"thumbnailUrl\":\"https:\\\/\\\/agenciacarcara.com.br\\\/marketingagronegocio\\\/wp-content\\\/uploads\\\/2025\\\/04\\\/Pistilo-Frutas-e-Agencia-Carcara-criando-a-Nova-Identidade-Visual-que-Conquista-o-Brasil-e-a-Europa.jpg\",\"articleSection\":[\"Identidade Visual\"],\"inLanguage\":\"en-US\"},{\"@type\":\"WebPage\",\"@id\":\"https:\\\/\\\/agenciacarcara.com.br\\\/marketingagronegocio\\\/pistilo-frutas-e-agencia-carcara-criacao-da-nova-identidade-visual-para-conquistar-o-brasil-e-a-europa\\\/\",\"url\":\"https:\\\/\\\/agenciacarcara.com.br\\\/marketingagronegocio\\\/pistilo-frutas-e-agencia-carcara-criacao-da-nova-identidade-visual-para-conquistar-o-brasil-e-a-europa\\\/\",\"name\":\"Pistilo Frutas e Ag\u00eancia Carcar\u00e1: Cria\u00e7\u00e3o da Nova Identidade Visual para Conquistar o Brasil e a Europa! - Ag\u00eancia Carcar\u00e1 Marketing Agroneg\u00f3cio\",\"isPartOf\":{\"@id\":\"https:\\\/\\\/agenciacarcara.com.br\\\/marketingagronegocio\\\/#website\"},\"primaryImageOfPage\":{\"@id\":\"https:\\\/\\\/agenciacarcara.com.br\\\/marketingagronegocio\\\/pistilo-frutas-e-agencia-carcara-criacao-da-nova-identidade-visual-para-conquistar-o-brasil-e-a-europa\\\/#primaryimage\"},\"image\":{\"@id\":\"https:\\\/\\\/agenciacarcara.com.br\\\/marketingagronegocio\\\/pistilo-frutas-e-agencia-carcara-criacao-da-nova-identidade-visual-para-conquistar-o-brasil-e-a-europa\\\/#primaryimage\"},\"thumbnailUrl\":\"https:\\\/\\\/agenciacarcara.com.br\\\/marketingagronegocio\\\/wp-content\\\/uploads\\\/2025\\\/04\\\/Pistilo-Frutas-e-Agencia-Carcara-criando-a-Nova-Identidade-Visual-que-Conquista-o-Brasil-e-a-Europa.jpg\",\"datePublished\":\"2025-04-29T20:27:07+00:00\",\"dateModified\":\"2025-04-29T20:28:04+00:00\",\"breadcrumb\":{\"@id\":\"https:\\\/\\\/agenciacarcara.com.br\\\/marketingagronegocio\\\/pistilo-frutas-e-agencia-carcara-criacao-da-nova-identidade-visual-para-conquistar-o-brasil-e-a-europa\\\/#breadcrumb\"},\"inLanguage\":\"en-US\",\"potentialAction\":[{\"@type\":\"ReadAction\",\"target\":[\"https:\\\/\\\/agenciacarcara.com.br\\\/marketingagronegocio\\\/pistilo-frutas-e-agencia-carcara-criacao-da-nova-identidade-visual-para-conquistar-o-brasil-e-a-europa\\\/\"]}]},{\"@type\":\"ImageObject\",\"inLanguage\":\"en-US\",\"@id\":\"https:\\\/\\\/agenciacarcara.com.br\\\/marketingagronegocio\\\/pistilo-frutas-e-agencia-carcara-criacao-da-nova-identidade-visual-para-conquistar-o-brasil-e-a-europa\\\/#primaryimage\",\"url\":\"https:\\\/\\\/agenciacarcara.com.br\\\/marketingagronegocio\\\/wp-content\\\/uploads\\\/2025\\\/04\\\/Pistilo-Frutas-e-Agencia-Carcara-criando-a-Nova-Identidade-Visual-que-Conquista-o-Brasil-e-a-Europa.jpg\",\"contentUrl\":\"https:\\\/\\\/agenciacarcara.com.br\\\/marketingagronegocio\\\/wp-content\\\/uploads\\\/2025\\\/04\\\/Pistilo-Frutas-e-Agencia-Carcara-criando-a-Nova-Identidade-Visual-que-Conquista-o-Brasil-e-a-Europa.jpg\",\"width\":1217,\"height\":580,\"caption\":\"De Bara\u00fana, no cora\u00e7\u00e3o do Rio Grande do Norte, para as mesas mais exigentes da Alemanha, Fran\u00e7a, Inglaterra, Espanha, Portugal e muitos outros pa\u00edses da Europa. Essa \u00e9 a jornada do Mam\u00e3o Formosa cultivado pela Pistilo Frutas, uma empresa que, h\u00e1 26 anos, transforma a terra em frutos de excel\u00eancia e leva o nome do Brasil para o mundo. Mas, diante de um legado t\u00e3o rico, de um compromisso com a qualidade que atravessa fronteiras e da necessidade de se destacar em mercados globais competitivos, como garantir que a identidade visual de uma marca capture toda essa hist\u00f3ria, projete sua vis\u00e3o de futuro e conquiste o reconhecimento que merece? Esse era o desafio para a Pistilo Frutas. Eles cultivam mais do que frutas; cultivam um compromisso com a qualidade e a inova\u00e7\u00e3o. Precisavam de uma identidade visual que refletisse essa ess\u00eancia, que falasse a l\u00edngua do mercado global e que mantivesse a for\u00e7a de suas ra\u00edzes em Bara\u00fana. E na Ag\u00eancia Carcar\u00e1, especialista em transformar potencial em comunica\u00e7\u00e3o estrat\u00e9gica, entendemos que a resposta n\u00e3o estava em um simples \\\"retoque\\\" na logo, mas em uma\u00a0arquitetura de marca que resolvesse os desafios de posicionamento, reconhecimento e conex\u00e3o\u00a0em cada ponto de contato visual. Com a mesma paix\u00e3o e estrat\u00e9gia que nos movem, iniciamos nossa parceria com a Pistilo para cultivar sua nova fase visual.\"},{\"@type\":\"BreadcrumbList\",\"@id\":\"https:\\\/\\\/agenciacarcara.com.br\\\/marketingagronegocio\\\/pistilo-frutas-e-agencia-carcara-criacao-da-nova-identidade-visual-para-conquistar-o-brasil-e-a-europa\\\/#breadcrumb\",\"itemListElement\":[{\"@type\":\"ListItem\",\"position\":1,\"name\":\"In\u00edcio\",\"item\":\"https:\\\/\\\/agenciacarcara.com.br\\\/marketingagronegocio\\\/\"},{\"@type\":\"ListItem\",\"position\":2,\"name\":\"Pistilo Frutas e Ag\u00eancia Carcar\u00e1: Cria\u00e7\u00e3o da Nova Identidade Visual para Conquistar o Brasil e a Europa!\"}]},{\"@type\":\"WebSite\",\"@id\":\"https:\\\/\\\/agenciacarcara.com.br\\\/marketingagronegocio\\\/#website\",\"url\":\"https:\\\/\\\/agenciacarcara.com.br\\\/marketingagronegocio\\\/\",\"name\":\"Ag\u00eancia Carcar\u00e1 Marketing Agroneg\u00f3cio\",\"description\":\"\u00c9 a parceira estrat\u00e9gica no agromarketing e no digital que impulsiona o seu neg\u00f3cio no agroneg\u00f3cio e agroind\u00fastria.\",\"publisher\":{\"@id\":\"https:\\\/\\\/agenciacarcara.com.br\\\/marketingagronegocio\\\/#organization\"},\"potentialAction\":[{\"@type\":\"SearchAction\",\"target\":{\"@type\":\"EntryPoint\",\"urlTemplate\":\"https:\\\/\\\/agenciacarcara.com.br\\\/marketingagronegocio\\\/?s={search_term_string}\"},\"query-input\":{\"@type\":\"PropertyValueSpecification\",\"valueRequired\":true,\"valueName\":\"search_term_string\"}}],\"inLanguage\":\"en-US\"},{\"@type\":\"Organization\",\"@id\":\"https:\\\/\\\/agenciacarcara.com.br\\\/marketingagronegocio\\\/#organization\",\"name\":\"Ag\u00eancia Carcar\u00e1 Marketing Agroneg\u00f3cio\",\"url\":\"https:\\\/\\\/agenciacarcara.com.br\\\/marketingagronegocio\\\/\",\"logo\":{\"@type\":\"ImageObject\",\"inLanguage\":\"en-US\",\"@id\":\"https:\\\/\\\/agenciacarcara.com.br\\\/marketingagronegocio\\\/#\\\/schema\\\/logo\\\/image\\\/\",\"url\":\"https:\\\/\\\/agenciacarcara.com.br\\\/marketingagronegocio\\\/wp-content\\\/uploads\\\/2024\\\/05\\\/logo-3-retina-1.png\",\"contentUrl\":\"https:\\\/\\\/agenciacarcara.com.br\\\/marketingagronegocio\\\/wp-content\\\/uploads\\\/2024\\\/05\\\/logo-3-retina-1.png\",\"width\":346,\"height\":106,\"caption\":\"Ag\u00eancia Carcar\u00e1 Marketing Agroneg\u00f3cio\"},\"image\":{\"@id\":\"https:\\\/\\\/agenciacarcara.com.br\\\/marketingagronegocio\\\/#\\\/schema\\\/logo\\\/image\\\/\"},\"sameAs\":[\"https:\\\/\\\/www.facebook.com\\\/agenciacarcarabr\",\"https:\\\/\\\/x.com\\\/agenciacarcara\",\"https:\\\/\\\/www.youtube.com\\\/channel\\\/UCTre6VaKYncncM52UEA3eEw?sub_confirmation=1\",\"https:\\\/\\\/www.linkedin.com\\\/company-beta\\\/3599884\",\"https:\\\/\\\/instagram.com\\\/agenciacarcara\"]},{\"@type\":\"Person\",\"@id\":\"https:\\\/\\\/agenciacarcara.com.br\\\/marketingagronegocio\\\/#\\\/schema\\\/person\\\/636cfcb9bda7b87de9ee1cf3c9dea1f9\",\"name\":\"Mkt_adm_agro_24_car\",\"image\":{\"@type\":\"ImageObject\",\"inLanguage\":\"en-US\",\"@id\":\"https:\\\/\\\/secure.gravatar.com\\\/avatar\\\/8e1ddc1c4c40850fbe7576367b93b63f63d8d6c8099bdc47fa17826faad3f759?s=96&d=mm&r=g\",\"url\":\"https:\\\/\\\/secure.gravatar.com\\\/avatar\\\/8e1ddc1c4c40850fbe7576367b93b63f63d8d6c8099bdc47fa17826faad3f759?s=96&d=mm&r=g\",\"contentUrl\":\"https:\\\/\\\/secure.gravatar.com\\\/avatar\\\/8e1ddc1c4c40850fbe7576367b93b63f63d8d6c8099bdc47fa17826faad3f759?s=96&d=mm&r=g\",\"caption\":\"Mkt_adm_agro_24_car\"},\"sameAs\":[\"http:\\\/\\\/agenciacarcara.com.br\\\/marketingagronegocio\"],\"url\":\"https:\\\/\\\/agenciacarcara.com.br\\\/marketingagronegocio\\\/author\\\/mkt_adm_agro_24_car\\\/\"}]}<\/script>\n<!-- \/ Yoast SEO plugin. -->","yoast_head_json":{"title":"Pistilo Frutas e Ag\u00eancia Carcar\u00e1: Cria\u00e7\u00e3o da Nova Identidade Visual para Conquistar o Brasil e a Europa! - Ag\u00eancia Carcar\u00e1 Marketing Agroneg\u00f3cio","robots":{"index":"index","follow":"follow","max-snippet":"max-snippet:-1","max-image-preview":"max-image-preview:large","max-video-preview":"max-video-preview:-1"},"canonical":"https:\/\/agenciacarcara.com.br\/marketingagronegocio\/pistilo-frutas-e-agencia-carcara-criacao-da-nova-identidade-visual-para-conquistar-o-brasil-e-a-europa\/","og_locale":"en_US","og_type":"article","og_title":"Pistilo Frutas e Ag\u00eancia Carcar\u00e1: Cria\u00e7\u00e3o da Nova Identidade Visual para Conquistar o Brasil e a Europa! - Ag\u00eancia Carcar\u00e1 Marketing Agroneg\u00f3cio","og_description":"De Bara\u00fana, no cora\u00e7\u00e3o do Rio Grande do Norte, para as mesas mais exigentes da Alemanha, Fran\u00e7a, Inglaterra, Espanha, Portugal e muitos outros pa\u00edses da Europa. Essa \u00e9 a jornada&hellip;","og_url":"https:\/\/agenciacarcara.com.br\/marketingagronegocio\/pistilo-frutas-e-agencia-carcara-criacao-da-nova-identidade-visual-para-conquistar-o-brasil-e-a-europa\/","og_site_name":"Ag\u00eancia Carcar\u00e1 Marketing Agroneg\u00f3cio","article_publisher":"https:\/\/www.facebook.com\/agenciacarcarabr","article_published_time":"2025-04-29T20:27:07+00:00","article_modified_time":"2025-04-29T20:28:04+00:00","og_image":[{"width":1217,"height":580,"url":"http:\/\/agenciacarcara.com.br\/marketingagronegocio\/wp-content\/uploads\/2025\/04\/Pistilo-Frutas-e-Agencia-Carcara-criando-a-Nova-Identidade-Visual-que-Conquista-o-Brasil-e-a-Europa.jpg","type":"image\/jpeg"}],"author":"Mkt_adm_agro_24_car","twitter_card":"summary_large_image","twitter_creator":"@agenciacarcara","twitter_site":"@agenciacarcara","twitter_misc":{"Written by":"Mkt_adm_agro_24_car","Est. reading time":"6 minutes"},"schema":{"@context":"https:\/\/schema.org","@graph":[{"@type":"Article","@id":"https:\/\/agenciacarcara.com.br\/marketingagronegocio\/pistilo-frutas-e-agencia-carcara-criacao-da-nova-identidade-visual-para-conquistar-o-brasil-e-a-europa\/#article","isPartOf":{"@id":"https:\/\/agenciacarcara.com.br\/marketingagronegocio\/pistilo-frutas-e-agencia-carcara-criacao-da-nova-identidade-visual-para-conquistar-o-brasil-e-a-europa\/"},"author":{"name":"Mkt_adm_agro_24_car","@id":"https:\/\/agenciacarcara.com.br\/marketingagronegocio\/#\/schema\/person\/636cfcb9bda7b87de9ee1cf3c9dea1f9"},"headline":"Pistilo Frutas e Ag\u00eancia Carcar\u00e1: Cria\u00e7\u00e3o da Nova Identidade Visual para Conquistar o Brasil e a Europa!","datePublished":"2025-04-29T20:27:07+00:00","dateModified":"2025-04-29T20:28:04+00:00","mainEntityOfPage":{"@id":"https:\/\/agenciacarcara.com.br\/marketingagronegocio\/pistilo-frutas-e-agencia-carcara-criacao-da-nova-identidade-visual-para-conquistar-o-brasil-e-a-europa\/"},"wordCount":1009,"publisher":{"@id":"https:\/\/agenciacarcara.com.br\/marketingagronegocio\/#organization"},"image":{"@id":"https:\/\/agenciacarcara.com.br\/marketingagronegocio\/pistilo-frutas-e-agencia-carcara-criacao-da-nova-identidade-visual-para-conquistar-o-brasil-e-a-europa\/#primaryimage"},"thumbnailUrl":"https:\/\/agenciacarcara.com.br\/marketingagronegocio\/wp-content\/uploads\/2025\/04\/Pistilo-Frutas-e-Agencia-Carcara-criando-a-Nova-Identidade-Visual-que-Conquista-o-Brasil-e-a-Europa.jpg","articleSection":["Identidade Visual"],"inLanguage":"en-US"},{"@type":"WebPage","@id":"https:\/\/agenciacarcara.com.br\/marketingagronegocio\/pistilo-frutas-e-agencia-carcara-criacao-da-nova-identidade-visual-para-conquistar-o-brasil-e-a-europa\/","url":"https:\/\/agenciacarcara.com.br\/marketingagronegocio\/pistilo-frutas-e-agencia-carcara-criacao-da-nova-identidade-visual-para-conquistar-o-brasil-e-a-europa\/","name":"Pistilo Frutas e Ag\u00eancia Carcar\u00e1: Cria\u00e7\u00e3o da Nova Identidade Visual para Conquistar o Brasil e a Europa! - Ag\u00eancia Carcar\u00e1 Marketing Agroneg\u00f3cio","isPartOf":{"@id":"https:\/\/agenciacarcara.com.br\/marketingagronegocio\/#website"},"primaryImageOfPage":{"@id":"https:\/\/agenciacarcara.com.br\/marketingagronegocio\/pistilo-frutas-e-agencia-carcara-criacao-da-nova-identidade-visual-para-conquistar-o-brasil-e-a-europa\/#primaryimage"},"image":{"@id":"https:\/\/agenciacarcara.com.br\/marketingagronegocio\/pistilo-frutas-e-agencia-carcara-criacao-da-nova-identidade-visual-para-conquistar-o-brasil-e-a-europa\/#primaryimage"},"thumbnailUrl":"https:\/\/agenciacarcara.com.br\/marketingagronegocio\/wp-content\/uploads\/2025\/04\/Pistilo-Frutas-e-Agencia-Carcara-criando-a-Nova-Identidade-Visual-que-Conquista-o-Brasil-e-a-Europa.jpg","datePublished":"2025-04-29T20:27:07+00:00","dateModified":"2025-04-29T20:28:04+00:00","breadcrumb":{"@id":"https:\/\/agenciacarcara.com.br\/marketingagronegocio\/pistilo-frutas-e-agencia-carcara-criacao-da-nova-identidade-visual-para-conquistar-o-brasil-e-a-europa\/#breadcrumb"},"inLanguage":"en-US","potentialAction":[{"@type":"ReadAction","target":["https:\/\/agenciacarcara.com.br\/marketingagronegocio\/pistilo-frutas-e-agencia-carcara-criacao-da-nova-identidade-visual-para-conquistar-o-brasil-e-a-europa\/"]}]},{"@type":"ImageObject","inLanguage":"en-US","@id":"https:\/\/agenciacarcara.com.br\/marketingagronegocio\/pistilo-frutas-e-agencia-carcara-criacao-da-nova-identidade-visual-para-conquistar-o-brasil-e-a-europa\/#primaryimage","url":"https:\/\/agenciacarcara.com.br\/marketingagronegocio\/wp-content\/uploads\/2025\/04\/Pistilo-Frutas-e-Agencia-Carcara-criando-a-Nova-Identidade-Visual-que-Conquista-o-Brasil-e-a-Europa.jpg","contentUrl":"https:\/\/agenciacarcara.com.br\/marketingagronegocio\/wp-content\/uploads\/2025\/04\/Pistilo-Frutas-e-Agencia-Carcara-criando-a-Nova-Identidade-Visual-que-Conquista-o-Brasil-e-a-Europa.jpg","width":1217,"height":580,"caption":"De Bara\u00fana, no cora\u00e7\u00e3o do Rio Grande do Norte, para as mesas mais exigentes da Alemanha, Fran\u00e7a, Inglaterra, Espanha, Portugal e muitos outros pa\u00edses da Europa. Essa \u00e9 a jornada do Mam\u00e3o Formosa cultivado pela Pistilo Frutas, uma empresa que, h\u00e1 26 anos, transforma a terra em frutos de excel\u00eancia e leva o nome do Brasil para o mundo. Mas, diante de um legado t\u00e3o rico, de um compromisso com a qualidade que atravessa fronteiras e da necessidade de se destacar em mercados globais competitivos, como garantir que a identidade visual de uma marca capture toda essa hist\u00f3ria, projete sua vis\u00e3o de futuro e conquiste o reconhecimento que merece? Esse era o desafio para a Pistilo Frutas. Eles cultivam mais do que frutas; cultivam um compromisso com a qualidade e a inova\u00e7\u00e3o. Precisavam de uma identidade visual que refletisse essa ess\u00eancia, que falasse a l\u00edngua do mercado global e que mantivesse a for\u00e7a de suas ra\u00edzes em Bara\u00fana. E na Ag\u00eancia Carcar\u00e1, especialista em transformar potencial em comunica\u00e7\u00e3o estrat\u00e9gica, entendemos que a resposta n\u00e3o estava em um simples \"retoque\" na logo, mas em uma\u00a0arquitetura de marca que resolvesse os desafios de posicionamento, reconhecimento e conex\u00e3o\u00a0em cada ponto de contato visual. Com a mesma paix\u00e3o e estrat\u00e9gia que nos movem, iniciamos nossa parceria com a Pistilo para cultivar sua nova fase visual."},{"@type":"BreadcrumbList","@id":"https:\/\/agenciacarcara.com.br\/marketingagronegocio\/pistilo-frutas-e-agencia-carcara-criacao-da-nova-identidade-visual-para-conquistar-o-brasil-e-a-europa\/#breadcrumb","itemListElement":[{"@type":"ListItem","position":1,"name":"In\u00edcio","item":"https:\/\/agenciacarcara.com.br\/marketingagronegocio\/"},{"@type":"ListItem","position":2,"name":"Pistilo Frutas e Ag\u00eancia Carcar\u00e1: Cria\u00e7\u00e3o da Nova Identidade Visual para Conquistar o Brasil e a Europa!"}]},{"@type":"WebSite","@id":"https:\/\/agenciacarcara.com.br\/marketingagronegocio\/#website","url":"https:\/\/agenciacarcara.com.br\/marketingagronegocio\/","name":"Ag\u00eancia Carcar\u00e1 Marketing Agroneg\u00f3cio","description":"\u00c9 a parceira estrat\u00e9gica no agromarketing e no digital que impulsiona o seu neg\u00f3cio no agroneg\u00f3cio e agroind\u00fastria.","publisher":{"@id":"https:\/\/agenciacarcara.com.br\/marketingagronegocio\/#organization"},"potentialAction":[{"@type":"SearchAction","target":{"@type":"EntryPoint","urlTemplate":"https:\/\/agenciacarcara.com.br\/marketingagronegocio\/?s={search_term_string}"},"query-input":{"@type":"PropertyValueSpecification","valueRequired":true,"valueName":"search_term_string"}}],"inLanguage":"en-US"},{"@type":"Organization","@id":"https:\/\/agenciacarcara.com.br\/marketingagronegocio\/#organization","name":"Ag\u00eancia Carcar\u00e1 Marketing Agroneg\u00f3cio","url":"https:\/\/agenciacarcara.com.br\/marketingagronegocio\/","logo":{"@type":"ImageObject","inLanguage":"en-US","@id":"https:\/\/agenciacarcara.com.br\/marketingagronegocio\/#\/schema\/logo\/image\/","url":"https:\/\/agenciacarcara.com.br\/marketingagronegocio\/wp-content\/uploads\/2024\/05\/logo-3-retina-1.png","contentUrl":"https:\/\/agenciacarcara.com.br\/marketingagronegocio\/wp-content\/uploads\/2024\/05\/logo-3-retina-1.png","width":346,"height":106,"caption":"Ag\u00eancia Carcar\u00e1 Marketing Agroneg\u00f3cio"},"image":{"@id":"https:\/\/agenciacarcara.com.br\/marketingagronegocio\/#\/schema\/logo\/image\/"},"sameAs":["https:\/\/www.facebook.com\/agenciacarcarabr","https:\/\/x.com\/agenciacarcara","https:\/\/www.youtube.com\/channel\/UCTre6VaKYncncM52UEA3eEw?sub_confirmation=1","https:\/\/www.linkedin.com\/company-beta\/3599884","https:\/\/instagram.com\/agenciacarcara"]},{"@type":"Person","@id":"https:\/\/agenciacarcara.com.br\/marketingagronegocio\/#\/schema\/person\/636cfcb9bda7b87de9ee1cf3c9dea1f9","name":"Mkt_adm_agro_24_car","image":{"@type":"ImageObject","inLanguage":"en-US","@id":"https:\/\/secure.gravatar.com\/avatar\/8e1ddc1c4c40850fbe7576367b93b63f63d8d6c8099bdc47fa17826faad3f759?s=96&d=mm&r=g","url":"https:\/\/secure.gravatar.com\/avatar\/8e1ddc1c4c40850fbe7576367b93b63f63d8d6c8099bdc47fa17826faad3f759?s=96&d=mm&r=g","contentUrl":"https:\/\/secure.gravatar.com\/avatar\/8e1ddc1c4c40850fbe7576367b93b63f63d8d6c8099bdc47fa17826faad3f759?s=96&d=mm&r=g","caption":"Mkt_adm_agro_24_car"},"sameAs":["http:\/\/agenciacarcara.com.br\/marketingagronegocio"],"url":"https:\/\/agenciacarcara.com.br\/marketingagronegocio\/author\/mkt_adm_agro_24_car\/"}]}},"_links":{"self":[{"href":"https:\/\/agenciacarcara.com.br\/marketingagronegocio\/wp-json\/wp\/v2\/posts\/23709","targetHints":{"allow":["GET"]}}],"collection":[{"href":"https:\/\/agenciacarcara.com.br\/marketingagronegocio\/wp-json\/wp\/v2\/posts"}],"about":[{"href":"https:\/\/agenciacarcara.com.br\/marketingagronegocio\/wp-json\/wp\/v2\/types\/post"}],"author":[{"embeddable":true,"href":"https:\/\/agenciacarcara.com.br\/marketingagronegocio\/wp-json\/wp\/v2\/users\/1"}],"replies":[{"embeddable":true,"href":"https:\/\/agenciacarcara.com.br\/marketingagronegocio\/wp-json\/wp\/v2\/comments?post=23709"}],"version-history":[{"count":2,"href":"https:\/\/agenciacarcara.com.br\/marketingagronegocio\/wp-json\/wp\/v2\/posts\/23709\/revisions"}],"predecessor-version":[{"id":23713,"href":"https:\/\/agenciacarcara.com.br\/marketingagronegocio\/wp-json\/wp\/v2\/posts\/23709\/revisions\/23713"}],"wp:featuredmedia":[{"embeddable":true,"href":"https:\/\/agenciacarcara.com.br\/marketingagronegocio\/wp-json\/wp\/v2\/media\/23710"}],"wp:attachment":[{"href":"https:\/\/agenciacarcara.com.br\/marketingagronegocio\/wp-json\/wp\/v2\/media?parent=23709"}],"wp:term":[{"taxonomy":"category","embeddable":true,"href":"https:\/\/agenciacarcara.com.br\/marketingagronegocio\/wp-json\/wp\/v2\/categories?post=23709"},{"taxonomy":"post_tag","embeddable":true,"href":"https:\/\/agenciacarcara.com.br\/marketingagronegocio\/wp-json\/wp\/v2\/tags?post=23709"}],"curies":[{"name":"wp","href":"https:\/\/api.w.org\/{rel}","templated":true}]}}