{"id":23790,"date":"2025-05-09T20:15:34","date_gmt":"2025-05-09T23:15:34","guid":{"rendered":"https:\/\/agenciacarcara.com.br\/marketingagronegocio\/?p=23790"},"modified":"2025-05-09T20:15:36","modified_gmt":"2025-05-09T23:15:36","slug":"moodboard-no-campo-sua-marca-agro-tem-raizes-mas-tem-vibe","status":"publish","type":"post","link":"https:\/\/agenciacarcara.com.br\/marketingagronegocio\/moodboard-no-campo-sua-marca-agro-tem-raizes-mas-tem-vibe\/","title":{"rendered":"Moodboard no Campo Sua Marca Agro Tem Ra\u00edzes, Mas Tem Vibe?"},"content":{"rendered":"\n<h2 class=\"wp-block-heading\">Sua Marca Agro Tem Ra\u00edzes, Mas Tem Vibe? Desvendando o Poder do Moodboard no Campo (Vai Muito Al\u00e9m de Imagens Bonitas!)<\/h2>\n\n\n\n<p>Sua marca agro (seja uma fazenda, ind\u00fastria, produto ou voc\u00ea, produtor\/agr\u00f4nomo que comunica) tem hist\u00f3ria, valores e uma ess\u00eancia ligada \u00e0 terra e ao trabalho. Perfeito, o legado est\u00e1 no ponto! Mas, no universo digital e no mercado que valoriza a autenticidade e a conex\u00e3o,\u00a0<strong>como garantir que sua marca agro n\u00e3o seja apenas &#8220;tradicional&#8221; ou &#8220;confi\u00e1vel&#8221;, mas que tenha VIBE, que se conecte emocionalmente com o p\u00fablico (dentro e fora da porteira) e gere um &#8220;flow&#8221; de conte\u00fado que flui, engaja e inspira, sem parecer for\u00e7ado?<\/strong><\/p>\n\n\n\n<p>O Manual de Identidade Visual (MIV) \u00e9 o alicerce visual da sua marca, essencial para garantir consist\u00eancia e profissionalismo. Ele te diz como usar o logo, as cores, as fontes. Mas, para marcas agro que querem ir al\u00e9m, se destacar em feiras, atrair a nova gera\u00e7\u00e3o de consumidores ou se posicionar como l\u00edderes inovadores,&nbsp;<strong>como manter a comunica\u00e7\u00e3o visual viva, relevante e com ideias infinitas de conte\u00fado que expressem sua ess\u00eancia de formas sempre aut\u00eanticas e magn\u00e9ticas, conectando tradi\u00e7\u00e3o e futuro?<\/strong><\/p>\n\n\n\n<p>\u00c9 aqui que entra o&nbsp;<strong>Moodboard<\/strong>&nbsp;\u2013 n\u00e3o como substituto do MIV, mas como seu&nbsp;<strong>parceiro estrat\u00e9gico e criativo no campo<\/strong>. Se o MIV te d\u00e1 as regras visuais para ser profissional e consistente, o Moodboard te d\u00e1 a inspira\u00e7\u00e3o, a atmosfera, o &#8220;feeling&#8221; que transforma sua marca agro em uma experi\u00eancia aut\u00eantica para o p\u00fablico. A Ag\u00eancia Carcar\u00e1 entende que, para marcas agro que querem atrair, conectar e vender (seja produtos, servi\u00e7os ou sua pr\u00f3pria hist\u00f3ria), ter uma identidade visual vibrante vai al\u00e9m de um manual; \u00e9 ter um universo visual em constante expans\u00e3o, com a &#8220;vibe&#8221; certa para cada momento e p\u00fablico. Este post \u00e9 um convite para voc\u00ea, do agroneg\u00f3cio, desvendar o poder do Moodboard e como ele pode ser a chave para criar um &#8220;flow&#8221; de conte\u00fado aut\u00eantico e magn\u00e9tico para a sua marca no campo.<\/p>\n\n\n\n<h2 class=\"wp-block-heading\"><strong>Moodboard vs. MIV no Campo: Entendendo os Pap\u00e9is (Com Sabor de Terra e Inova\u00e7\u00e3o!)<\/strong><\/h2>\n\n\n\n<figure class=\"wp-block-image size-full\"><img fetchpriority=\"high\" decoding=\"async\" width=\"1408\" height=\"768\" src=\"https:\/\/agenciacarcara.com.br\/marketingagronegocio\/wp-content\/uploads\/2025\/05\/Moodboard-no-Campo-Sua-Marca-Agro-Tem-Raizes-Mas-Tem-Vibe.jpg\" alt=\"\u00c9 aqui que entra o\u00a0Moodboard\u00a0\u2013 n\u00e3o como substituto do MIV, mas como seu\u00a0parceiro estrat\u00e9gico e criativo no campo. Se o MIV te d\u00e1 as regras visuais para ser profissional e consistente, o Moodboard te d\u00e1 a inspira\u00e7\u00e3o, a atmosfera, o &quot;feeling&quot; que transforma sua marca agro em uma experi\u00eancia aut\u00eantica para o p\u00fablico. A Ag\u00eancia Carcar\u00e1 entende que, para marcas agro que querem atrair, conectar e vender (seja produtos, servi\u00e7os ou sua pr\u00f3pria hist\u00f3ria), ter uma identidade visual vibrante vai al\u00e9m de um manual; \u00e9 ter um universo visual em constante expans\u00e3o, com a &quot;vibe&quot; certa para cada momento e p\u00fablico. Este post \u00e9 um convite para voc\u00ea, do agroneg\u00f3cio, desvendar o poder do Moodboard e como ele pode ser a chave para criar um &quot;flow&quot; de conte\u00fado aut\u00eantico e magn\u00e9tico para a sua marca no campo.\" class=\"wp-image-23801\" srcset=\"https:\/\/agenciacarcara.com.br\/marketingagronegocio\/wp-content\/uploads\/2025\/05\/Moodboard-no-Campo-Sua-Marca-Agro-Tem-Raizes-Mas-Tem-Vibe.jpg 1408w, https:\/\/agenciacarcara.com.br\/marketingagronegocio\/wp-content\/uploads\/2025\/05\/Moodboard-no-Campo-Sua-Marca-Agro-Tem-Raizes-Mas-Tem-Vibe-300x164.jpg 300w, https:\/\/agenciacarcara.com.br\/marketingagronegocio\/wp-content\/uploads\/2025\/05\/Moodboard-no-Campo-Sua-Marca-Agro-Tem-Raizes-Mas-Tem-Vibe-1024x559.jpg 1024w, https:\/\/agenciacarcara.com.br\/marketingagronegocio\/wp-content\/uploads\/2025\/05\/Moodboard-no-Campo-Sua-Marca-Agro-Tem-Raizes-Mas-Tem-Vibe-768x419.jpg 768w, https:\/\/agenciacarcara.com.br\/marketingagronegocio\/wp-content\/uploads\/2025\/05\/Moodboard-no-Campo-Sua-Marca-Agro-Tem-Raizes-Mas-Tem-Vibe-370x202.jpg 370w, https:\/\/agenciacarcara.com.br\/marketingagronegocio\/wp-content\/uploads\/2025\/05\/Moodboard-no-Campo-Sua-Marca-Agro-Tem-Raizes-Mas-Tem-Vibe-840x458.jpg 840w, https:\/\/agenciacarcara.com.br\/marketingagronegocio\/wp-content\/uploads\/2025\/05\/Moodboard-no-Campo-Sua-Marca-Agro-Tem-Raizes-Mas-Tem-Vibe-410x224.jpg 410w\" sizes=\"(max-width: 1408px) 100vw, 1408px\" \/><\/figure>\n\n\n\n<p>Vamos descomplicar, com o p\u00e9 na terra e o olhar no futuro:<\/p>\n\n\n\n<ul class=\"wp-block-list\">\n<li><strong>Manual de Identidade Visual (MIV): A B\u00fassola T\u00e9cnica do Agro<\/strong>\n<ul class=\"wp-block-list\">\n<li><strong>O que \u00e9:<\/strong>\u00a0Pense no MIV como o\u00a0<strong>manual de opera\u00e7\u00f5es visuais<\/strong>\u00a0da sua marca agro. Ele detalha como usar o logo (na sacaria, na embalagem, no caminh\u00e3o, no uniforme), quais as cores exatas (lembram da psicologia das cores no agro?), quais fontes usar (para relat\u00f3rios, cat\u00e1logos, posts), como aplicar a marca em diferentes contextos (digital, impresso, sinaliza\u00e7\u00e3o na fazenda).<\/li>\n\n\n\n<li><strong>Para que serve:<\/strong>\u00a0Garante que sua marca agro seja sempre\u00a0<strong>consistente e profissional<\/strong>\u00a0em todos os pontos de contato \u2013 da porteira da fazenda ao site, da embalagem ao estande na Agrishow. \u00c9 o que faz sua marca ser\u00a0<strong>reconhec\u00edvel<\/strong>\u00a0e transmitir\u00a0<strong>confian\u00e7a e solidez<\/strong>. \u00c9 um guia\u00a0<strong>t\u00e9cnico e essencial<\/strong>\u00a0para a coer\u00eancia visual que constr\u00f3i credibilidade no agro.<\/li>\n<\/ul>\n<\/li>\n\n\n\n<li><strong>Moodboard: O Mapa da Vibe do Campo e da Inspira\u00e7\u00e3o AGRO<\/strong>\n<ul class=\"wp-block-list\">\n<li><strong>O que \u00e9:<\/strong>\u00a0Imagine o Moodboard como um\u00a0<strong>painel de inspira\u00e7\u00f5es do seu universo agro<\/strong>. \u00c9 uma\u00a0<strong>cole\u00e7\u00e3o visual<\/strong>\u00a0de imagens de paisagens rurais, texturas da terra\/plantas\/animais, cores que evocam a natureza ou a inova\u00e7\u00e3o (lembram do verde, marrom, amarelo, azul da AGROTECH?), estilos de fotografia que capturam a vida no campo, refer\u00eancias de design de embalagens aut\u00eanticas, exemplos de v\u00eddeos que contam hist\u00f3rias reais do agro.<\/li>\n\n\n\n<li><strong>Para que serve:<\/strong>\u00a0Ajuda a\u00a0<strong>definir o conceito e o sentimento<\/strong>\u00a0da comunica\u00e7\u00e3o visual da sua marca agro \u2013 se a vibe \u00e9 tradi\u00e7\u00e3o forte, inova\u00e7\u00e3o AGROTECH, sustentabilidade vibrante, autenticidade familiar. \u00c9 uma ferramenta\u00a0<strong>criativa e flex\u00edvel<\/strong>\u00a0para\u00a0<strong>visualizar e comunicar a atmosfera<\/strong>\u00a0que voc\u00ea quer transmitir em uma campanha, um projeto ou na sua comunica\u00e7\u00e3o geral. Permite que voc\u00ea e sua equipe (ou parceiros como a Carcar\u00e1) estejam na mesma p\u00e1gina sobre a &#8220;vibe&#8221; do campo que querem cultivar. \u00c9 um guia\u00a0<strong>visual e inspiracional com sabor de terra e futuro<\/strong>.<\/li>\n<\/ul>\n<\/li>\n<\/ul>\n\n\n\n<p><strong>Em Resumo:<\/strong>\u00a0O MIV te diz\u00a0<em>como<\/em>\u00a0usar os elementos da sua marca agro para ser profissional e construir confian\u00e7a. O Moodboard te mostra\u00a0<em>qual o sentimento<\/em>\u00a0e\u00a0<em>qual o estilo<\/em>\u00a0voc\u00ea quer <a href=\"https:\/\/agenciacarcara.com.br\/marketingagronegocio\/services\/planejamento-estrategico-de-marketing\/\">comunicar para ser aut\u00eantico<\/a>, gerar ideias infinitas de conte\u00fado sobre o seu universo e conquistar o p\u00fablico pela &#8220;vibe&#8221;.\u00a0<strong>Um garante a coer\u00eancia e a credibilidade (MIV), o outro inspira a criatividade, a autenticidade e a atmosfera do campo (Moodboard).<\/strong><\/p>\n\n\n\n<h2 class=\"wp-block-heading\"><strong>O Moodboard como Ferramenta Estrat\u00e9gica no Agro: Cultivando um Di\u00e1logo Visual Que Atrai, Conecta e Vende<\/strong><\/h2>\n\n\n\n<figure class=\"wp-block-image size-full\"><img decoding=\"async\" width=\"1408\" height=\"768\" src=\"https:\/\/agenciacarcara.com.br\/marketingagronegocio\/wp-content\/uploads\/2025\/05\/Moodboard-no-Campo-Sua-Marca-Agro-Tem-Raizes-Mas-Tem-Vibe-3.jpg\" alt=\"\u00c9 aqui que entra o\u00a0Moodboard\u00a0\u2013 n\u00e3o como substituto do MIV, mas como seu\u00a0parceiro estrat\u00e9gico e criativo no campo. Se o MIV te d\u00e1 as regras visuais para ser profissional e consistente, o Moodboard te d\u00e1 a inspira\u00e7\u00e3o, a atmosfera, o &quot;feeling&quot; que transforma sua marca agro em uma experi\u00eancia aut\u00eantica para o p\u00fablico. A Ag\u00eancia Carcar\u00e1 entende que, para marcas agro que querem atrair, conectar e vender (seja produtos, servi\u00e7os ou sua pr\u00f3pria hist\u00f3ria), ter uma identidade visual vibrante vai al\u00e9m de um manual; \u00e9 ter um universo visual em constante expans\u00e3o, com a &quot;vibe&quot; certa para cada momento e p\u00fablico. Este post \u00e9 um convite para voc\u00ea, do agroneg\u00f3cio, desvendar o poder do Moodboard e como ele pode ser a chave para criar um &quot;flow&quot; de conte\u00fado aut\u00eantico e magn\u00e9tico para a sua marca no campo.\" class=\"wp-image-23798\" srcset=\"https:\/\/agenciacarcara.com.br\/marketingagronegocio\/wp-content\/uploads\/2025\/05\/Moodboard-no-Campo-Sua-Marca-Agro-Tem-Raizes-Mas-Tem-Vibe-3.jpg 1408w, https:\/\/agenciacarcara.com.br\/marketingagronegocio\/wp-content\/uploads\/2025\/05\/Moodboard-no-Campo-Sua-Marca-Agro-Tem-Raizes-Mas-Tem-Vibe-3-300x164.jpg 300w, https:\/\/agenciacarcara.com.br\/marketingagronegocio\/wp-content\/uploads\/2025\/05\/Moodboard-no-Campo-Sua-Marca-Agro-Tem-Raizes-Mas-Tem-Vibe-3-1024x559.jpg 1024w, https:\/\/agenciacarcara.com.br\/marketingagronegocio\/wp-content\/uploads\/2025\/05\/Moodboard-no-Campo-Sua-Marca-Agro-Tem-Raizes-Mas-Tem-Vibe-3-768x419.jpg 768w, https:\/\/agenciacarcara.com.br\/marketingagronegocio\/wp-content\/uploads\/2025\/05\/Moodboard-no-Campo-Sua-Marca-Agro-Tem-Raizes-Mas-Tem-Vibe-3-370x202.jpg 370w, https:\/\/agenciacarcara.com.br\/marketingagronegocio\/wp-content\/uploads\/2025\/05\/Moodboard-no-Campo-Sua-Marca-Agro-Tem-Raizes-Mas-Tem-Vibe-3-840x458.jpg 840w, https:\/\/agenciacarcara.com.br\/marketingagronegocio\/wp-content\/uploads\/2025\/05\/Moodboard-no-Campo-Sua-Marca-Agro-Tem-Raizes-Mas-Tem-Vibe-3-410x224.jpg 410w\" sizes=\"(max-width: 1408px) 100vw, 1408px\" \/><\/figure>\n\n\n\n<p>No agroneg\u00f3cio, onde a conex\u00e3o com a realidade do campo \u00e9 valorizada e a autenticidade \u00e9 crucial, o <a href=\"https:\/\/agenciacarcara.com.br\/moodboard-desvendando-o-seu-poder-sua-marca-tem-essencia-mas-tem-vibe-avai-muito-alem-de-imagens-bonitas-e-miv\/\">Moodboard<\/a> vai muito al\u00e9m de ser um painel bonito. Ele \u00e9 uma ferramenta <a href=\"https:\/\/agenciacarcara.com.br\/marketingagronegocio\/services\/branding-no-agromarketing\/\">estrat\u00e9gica essencial para marcas agro<\/a> que querem\u00a0<strong>gerar um &#8220;flow&#8221; de conte\u00fado aut\u00eantico e magn\u00e9tico<\/strong>, especialmente para p\u00fablicos que buscam entender o agro de uma forma mais profunda e inspiradora.<\/p>\n\n\n\n<ul class=\"wp-block-list\">\n<li><strong>Gerando Ideias Infinitas e Fluentes sobre o Universo Agro:<\/strong>\u00a0Um Moodboard agro bem constru\u00eddo funciona como um\u00a0<strong>solo f\u00e9rtil de inspira\u00e7\u00e3o<\/strong>. Ao reunir refer\u00eancias visuais alinhadas \u00e0 &#8220;vibe&#8221; da sua marca agro (seja ela tradi\u00e7\u00e3o, AGROTECH, sustentabilidade, vida no campo), ele estimula a criatividade e\u00a0<strong>facilita a gera\u00e7\u00e3o cont\u00ednua de ideias de conte\u00fado<\/strong>\u00a0(v\u00eddeos sobre a rotina, fotos que capturam a ess\u00eancia, posts que contam hist\u00f3rias) que se encaixam naturalmente na est\u00e9tica e no sentimento da sua marca, conectando com o p\u00fablico sem precisar &#8220;for\u00e7ar a porteira&#8221;.<\/li>\n\n\n\n<li><strong>Criando Conte\u00fados Aut\u00eanticos e Magn\u00e9ticos com Sabor de Campo:<\/strong>\u00a0O Moodboard ajuda a definir o\u00a0<strong>tom visual e a atmosfera<\/strong>\u00a0que ressoam com a sua audi\u00eancia \u2013 aquela &#8220;vibe&#8221; de campo real, de inova\u00e7\u00e3o palp\u00e1vel, de sustentabilidade verdadeira. Ele permite criar conte\u00fados (fotos de lavouras com um estilo \u00fanico, v\u00eddeos que mostram a AGROTECH em a\u00e7\u00e3o com uma pegada aut\u00eantica, stories sobre a vida no campo com um filtro que transmite a atmosfera) que t\u00eam uma\u00a0<strong>identidade visual forte e consistente no &#8220;feeling&#8221;<\/strong>, mesmo que os temas variem. Essa autenticidade visual atrai e prende a aten\u00e7\u00e3o no feed, especialmente para quem busca a verdade por tr\u00e1s da produ\u00e7\u00e3o.<\/li>\n\n\n\n<li><strong>Estabelecendo um Di\u00e1logo Visual Aut\u00eantico sobre o Agro:<\/strong>\u00a0O Moodboard pode ser usado para criar uma\u00a0<strong>narrativa criativa e ambientada<\/strong>\u00a0sobre o seu universo agro. Ao compartilhar elementos do Moodboard (diretamente como &#8220;bastidores da nossa vibe&#8221; ou como base para o conte\u00fado final), a marca convida o p\u00fablico a entrar no seu universo visual, a entender a &#8220;vibe&#8221; do seu campo ou da sua ind\u00fastria. Isso cria um\u00a0<strong>di\u00e1logo visual<\/strong>, uma conversa baseada em est\u00e9tica, sentimentos e a realidade do agroneg\u00f3cio que gera conex\u00e3o e pertencimento.<\/li>\n\n\n\n<li><strong>Aplicabilidade em Diversos Canais Visuais do Agro:<\/strong>\u00a0O Moodboard \u00e9 extremamente \u00fatil para guiar a cria\u00e7\u00e3o de conte\u00fado em todos os canais onde a est\u00e9tica, a atmosfera e a autenticidade s\u00e3o cruciais para engajar o p\u00fablico do agro (produtores, agr\u00f4nomos, parceiros) e a nova audi\u00eancia (consumidores, empresas):\u00a0<strong>Instagram (capturar a beleza do campo\/produto), TikTok (mostrar a AGROTECH em a\u00e7\u00e3o, o dia a dia), Pinterest (inspirar com visuais de fazendas, produtos, pr\u00e1ticas), YouTube (estilo dos v\u00eddeos, document\u00e1rios), Websites (design e feeling que transmitem confian\u00e7a), Embalagens (atmosfera do produto que vende), Feiras do Setor (estande com a vibe certa).<\/strong><\/li>\n<\/ul>\n\n\n\n<h2 class=\"wp-block-heading\"><strong>Moodboard por Setor Agro e Necessidade: Onde a Vibe do Campo Acontece<\/strong><\/h2>\n\n\n\n<figure class=\"wp-block-image size-full\"><img decoding=\"async\" width=\"1408\" height=\"768\" src=\"https:\/\/agenciacarcara.com.br\/marketingagronegocio\/wp-content\/uploads\/2025\/05\/Moodboard-no-Campo-Sua-Marca-Agro-Tem-Raizes-Mas-Tem-Vibe-1.jpg\" alt=\"\u00c9 aqui que entra o\u00a0Moodboard\u00a0\u2013 n\u00e3o como substituto do MIV, mas como seu\u00a0parceiro estrat\u00e9gico e criativo no campo. Se o MIV te d\u00e1 as regras visuais para ser profissional e consistente, o Moodboard te d\u00e1 a inspira\u00e7\u00e3o, a atmosfera, o &quot;feeling&quot; que transforma sua marca agro em uma experi\u00eancia aut\u00eantica para o p\u00fablico. A Ag\u00eancia Carcar\u00e1 entende que, para marcas agro que querem atrair, conectar e vender (seja produtos, servi\u00e7os ou sua pr\u00f3pria hist\u00f3ria), ter uma identidade visual vibrante vai al\u00e9m de um manual; \u00e9 ter um universo visual em constante expans\u00e3o, com a &quot;vibe&quot; certa para cada momento e p\u00fablico. Este post \u00e9 um convite para voc\u00ea, do agroneg\u00f3cio, desvendar o poder do Moodboard e como ele pode ser a chave para criar um &quot;flow&quot; de conte\u00fado aut\u00eantico e magn\u00e9tico para a sua marca no campo.\" class=\"wp-image-23796\" srcset=\"https:\/\/agenciacarcara.com.br\/marketingagronegocio\/wp-content\/uploads\/2025\/05\/Moodboard-no-Campo-Sua-Marca-Agro-Tem-Raizes-Mas-Tem-Vibe-1.jpg 1408w, https:\/\/agenciacarcara.com.br\/marketingagronegocio\/wp-content\/uploads\/2025\/05\/Moodboard-no-Campo-Sua-Marca-Agro-Tem-Raizes-Mas-Tem-Vibe-1-300x164.jpg 300w, https:\/\/agenciacarcara.com.br\/marketingagronegocio\/wp-content\/uploads\/2025\/05\/Moodboard-no-Campo-Sua-Marca-Agro-Tem-Raizes-Mas-Tem-Vibe-1-1024x559.jpg 1024w, https:\/\/agenciacarcara.com.br\/marketingagronegocio\/wp-content\/uploads\/2025\/05\/Moodboard-no-Campo-Sua-Marca-Agro-Tem-Raizes-Mas-Tem-Vibe-1-768x419.jpg 768w, https:\/\/agenciacarcara.com.br\/marketingagronegocio\/wp-content\/uploads\/2025\/05\/Moodboard-no-Campo-Sua-Marca-Agro-Tem-Raizes-Mas-Tem-Vibe-1-370x202.jpg 370w, https:\/\/agenciacarcara.com.br\/marketingagronegocio\/wp-content\/uploads\/2025\/05\/Moodboard-no-Campo-Sua-Marca-Agro-Tem-Raizes-Mas-Tem-Vibe-1-840x458.jpg 840w, https:\/\/agenciacarcara.com.br\/marketingagronegocio\/wp-content\/uploads\/2025\/05\/Moodboard-no-Campo-Sua-Marca-Agro-Tem-Raizes-Mas-Tem-Vibe-1-410x224.jpg 410w\" sizes=\"(max-width: 1408px) 100vw, 1408px\" \/><\/figure>\n\n\n\n<p>A aplicabilidade do Moodboard para definir a &#8220;vibe&#8221; da comunica\u00e7\u00e3o \u00e9 vasta no agroneg\u00f3cio, ajudando a resolver desafios espec\u00edficos para cada setor e tipo de marca:<\/p>\n\n\n\n<figure class=\"wp-block-table\"><table class=\"has-fixed-layout\"><tbody><tr><td>Setor \/ Tipo de Marca Agro<\/td><td>Desafio de Comunica\u00e7\u00e3o Relacionado \u00e0 &#8220;Vibe&#8221; ou Atmosfera<\/td><td>Como o Moodboard Ajuda a Resolver (Exemplos)<\/td><td>Canais Digitais\/Visuais Priorit\u00e1rios para Aplica\u00e7\u00e3o<\/td><\/tr><tr><td><strong>Fazenda (Produto Final)<\/strong><\/td><td>Transmitir autenticidade, origem, qualidade natural; conectar com consumidor\/mercado que valoriza isso.<\/td><td>Definir a est\u00e9tica de fotos\/v\u00eddeos da propriedade (luz, cores, elementos rurais); inspirar visuais de embalagens (texturas, materiais); guiar conte\u00fado sobre rotina no campo e colheita (stories, reels).<\/td><td>Instagram, TikTok, Pinterest, Website, Embalagens.<\/td><\/tr><tr><td><strong>Ind\u00fastria\/Insumos\/M\u00e1quinas Agro<\/strong><\/td><td>Transmitir inova\u00e7\u00e3o, tecnologia, confiabilidade; comunicar o valor da AGROTECH; atrair p\u00fablico t\u00e9cnico e estrat\u00e9gico.<\/td><td>Definir a est\u00e9tica de fotos\/v\u00eddeos de produtos\/processos (\u00e2ngulos que mostram robustez, tecnologia); inspirar infogr\u00e1ficos e diagramas (estilo visual); guiar conte\u00fado sobre uso da tecnologia\/produtos (YouTube, LinkedIn, demonstra\u00e7\u00f5es).<\/td><td>LinkedIn, YouTube, Website, Feiras do Setor (estande), Cat\u00e1logos.<\/td><\/tr><tr><td><strong>Servi\u00e7os Financeiros\/Seguros Agro<\/strong><\/td><td>Inspirar confian\u00e7a, solidez, seguran\u00e7a; desmistificar termos financeiros; conectar com produtor de forma acess\u00edvel.<\/td><td>Definir a est\u00e9tica de materiais informativos (cores, tipografia que transmitem seguran\u00e7a); inspirar visuais para v\u00eddeos explicativos (anima\u00e7\u00f5es, ambiente); guiar conte\u00fado sobre planejamento financeiro\/seguran\u00e7a (posts, stories, webinars).<\/td><td>Website, LinkedIn, Materiais Impressos (folders), Conte\u00fado Digital (v\u00eddeos, posts).<\/td><\/tr><tr><td><strong>Associa\u00e7\u00f5es\/Institui\u00e7\u00f5es Agro<\/strong><\/td><td>Comunicar representatividade, valores do setor, projetos; engajar associados e p\u00fablico externo; parecer moderno\/relevante.<\/td><td>Definir a est\u00e9tica de eventos (programa\u00e7\u00e3o visual); inspirar visuais para publica\u00e7\u00f5es\/relat\u00f3rios (fotos, layout); guiar conte\u00fado sobre pautas do setor e a\u00e7\u00f5es da institui\u00e7\u00e3o (redes sociais, website).<\/td><td>Website, Redes Sociais (Instagram, Facebook, LinkedIn), Publica\u00e7\u00f5es (revistas, relat\u00f3rios), Eventos.<\/td><\/tr><tr><td><strong>Produtor\/Agr\u00f4nomo (Marca Pessoal)<\/strong><\/td><td>Transmitir autenticidade, conhecimento, dia a dia real no campo; conectar com p\u00fablico\/marcas.<\/td><td>Definir a est\u00e9tica do feed (cores, filtros, temas); inspirar poses e ambientes para fotos\/v\u00eddeos; guiar conte\u00fado sobre rotina, dicas t\u00e9cnicas, lifestyle no campo (stories, reels, YouTube).<\/td><td>Instagram, TikTok, YouTube, LinkedIn (se o foco for t\u00e9cnico).<\/td><\/tr><tr><td><strong>AGROTECH (Startup\/Empresa)<\/strong><\/td><td>Comunicar inova\u00e7\u00e3o disruptiva, usabilidade, ROI; construir confian\u00e7a rapidamente em um mercado tradicional.<\/td><td>Definir a est\u00e9tica de demonstra\u00e7\u00f5es de produto\/software (v\u00eddeos, screenshots); inspirar visuais de infogr\u00e1ficos (dados, processos); guiar conte\u00fado sobre cases de sucesso e depoimentos (v\u00eddeos, posts).<\/td><td>LinkedIn, YouTube, Feiras AGROTECH, Website, Conte\u00fado Digital (redes sociais).<\/td><\/tr><\/tbody><\/table><\/figure>\n\n\n\n<h2 class=\"wp-block-heading\"><strong>Tipos de Moodboard e Pacotes Carcar\u00e1 no Agro: Cultivando o Flow do Seu Neg\u00f3cio no Campo<\/strong><\/h2>\n\n\n\n<figure class=\"wp-block-image size-full\"><img loading=\"lazy\" decoding=\"async\" width=\"1408\" height=\"768\" src=\"https:\/\/agenciacarcara.com.br\/marketingagronegocio\/wp-content\/uploads\/2025\/05\/Moodboard-no-Campo-Sua-Marca-Agro-Tem-Raizes-Mas-Tem-Vibe-6.jpg\" alt=\"\u00c9 aqui que entra o\u00a0Moodboard\u00a0\u2013 n\u00e3o como substituto do MIV, mas como seu\u00a0parceiro estrat\u00e9gico e criativo no campo. Se o MIV te d\u00e1 as regras visuais para ser profissional e consistente, o Moodboard te d\u00e1 a inspira\u00e7\u00e3o, a atmosfera, o &quot;feeling&quot; que transforma sua marca agro em uma experi\u00eancia aut\u00eantica para o p\u00fablico. A Ag\u00eancia Carcar\u00e1 entende que, para marcas agro que querem atrair, conectar e vender (seja produtos, servi\u00e7os ou sua pr\u00f3pria hist\u00f3ria), ter uma identidade visual vibrante vai al\u00e9m de um manual; \u00e9 ter um universo visual em constante expans\u00e3o, com a &quot;vibe&quot; certa para cada momento e p\u00fablico. Este post \u00e9 um convite para voc\u00ea, do agroneg\u00f3cio, desvendar o poder do Moodboard e como ele pode ser a chave para criar um &quot;flow&quot; de conte\u00fado aut\u00eantico e magn\u00e9tico para a sua marca no campo.\" class=\"wp-image-23792\" srcset=\"https:\/\/agenciacarcara.com.br\/marketingagronegocio\/wp-content\/uploads\/2025\/05\/Moodboard-no-Campo-Sua-Marca-Agro-Tem-Raizes-Mas-Tem-Vibe-6.jpg 1408w, https:\/\/agenciacarcara.com.br\/marketingagronegocio\/wp-content\/uploads\/2025\/05\/Moodboard-no-Campo-Sua-Marca-Agro-Tem-Raizes-Mas-Tem-Vibe-6-300x164.jpg 300w, https:\/\/agenciacarcara.com.br\/marketingagronegocio\/wp-content\/uploads\/2025\/05\/Moodboard-no-Campo-Sua-Marca-Agro-Tem-Raizes-Mas-Tem-Vibe-6-1024x559.jpg 1024w, https:\/\/agenciacarcara.com.br\/marketingagronegocio\/wp-content\/uploads\/2025\/05\/Moodboard-no-Campo-Sua-Marca-Agro-Tem-Raizes-Mas-Tem-Vibe-6-768x419.jpg 768w, https:\/\/agenciacarcara.com.br\/marketingagronegocio\/wp-content\/uploads\/2025\/05\/Moodboard-no-Campo-Sua-Marca-Agro-Tem-Raizes-Mas-Tem-Vibe-6-370x202.jpg 370w, https:\/\/agenciacarcara.com.br\/marketingagronegocio\/wp-content\/uploads\/2025\/05\/Moodboard-no-Campo-Sua-Marca-Agro-Tem-Raizes-Mas-Tem-Vibe-6-840x458.jpg 840w, https:\/\/agenciacarcara.com.br\/marketingagronegocio\/wp-content\/uploads\/2025\/05\/Moodboard-no-Campo-Sua-Marca-Agro-Tem-Raizes-Mas-Tem-Vibe-6-410x224.jpg 410w\" sizes=\"(max-width: 1408px) 100vw, 1408px\" \/><\/figure>\n\n\n\n<p>Para ajudar marcas agro, produtores e influenciadores do setor a desvendar o poder do Moodboard e criar seu &#8220;flow&#8221; ideal de conte\u00fado, podemos elaborar diferentes tipos de Moodboards, alinhados \u00e0 sua necessidade e setor, e oferecer pacotes estruturados:<\/p>\n\n\n\n<figure class=\"wp-block-table\"><table class=\"has-fixed-layout\"><tbody><tr><td>Tipo de Moodboard Carcar\u00e1 (Agro)<\/td><td>Objetivo Principal<\/td><td>Conte\u00fado \/ Foco Visual (Exemplos)<\/td><td>Pacotes Sugeridos (Quantidade de Elementos &#8211; Exemplo)<\/td><\/tr><tr><td><strong>Moodboard de Ess\u00eancia da Marca Agro<\/strong><\/td><td>Definir e visualizar a &#8220;vibe&#8221; geral e a personalidade da marca no contexto do agroneg\u00f3cio (tradi\u00e7\u00e3o, inova\u00e7\u00e3o, sustentabilidade, etc.).<\/td><td>Cores da terra\/natureza\/tecnologia, texturas (solo, madeira, metal), tipografias (conceituais), fotos de paisagens rurais aut\u00eanticas, elementos AGROTECH, retratos de pessoas do campo, estilos de intera\u00e7\u00e3o.<\/td><td>Pacote B\u00e1sico (20-30 elementos); Pacote Premium (40-60+ elementos).<\/td><\/tr><tr><td><strong>Moodboard de Campanha\/Lan\u00e7amento<\/strong><\/td><td>Definir a est\u00e9tica e a atmosfera para uma campanha espec\u00edfica (lan\u00e7amento de produto\/tecnologia, data comemorativa) ou projeto.<\/td><td>Cores e texturas espec\u00edficas da campanha\/produto, refer\u00eancias visuais de produtos\/tecnologia em destaque, poses e express\u00f5es (produtores, usu\u00e1rios), ambientes de demonstra\u00e7\u00e3o\/uso, elementos gr\u00e1ficos da campanha.<\/td><td>Pacote por Campanha (30-50 elementos).<\/td><\/tr><tr><td><strong>Moodboard de Canal Social (Agro)<\/strong><\/td><td>Definir a &#8220;vibe&#8221; e o estilo visual para um canal social espec\u00edfico da marca agro (feed Instagram, Reels TikTok, posts LinkedIn).<\/td><td>Tipos de enquadramento (campo, close, produto), estilos de v\u00eddeo (time-lapse, drone, entrevista), filtros\/presets que transmitam a atmosfera, layouts de post, exemplos de conte\u00fados que viralizaram no nicho.<\/td><td>Pacote por Canal (25-40 elementos).<\/td><\/tr><tr><td><strong>Moodboard de Conte\u00fado Serial (Agro)<\/strong><\/td><td>Definir a est\u00e9tica visual para uma s\u00e9rie de conte\u00fado sobre o universo agro (ex: Jornada da Semente, Desafio AGROTECH).<\/td><td>Estilo de filmagem\/fotografia consistente (documental, din\u00e2mico), elementos visuais recorrentes da s\u00e9rie, ambientes das grava\u00e7\u00f5es (diferentes etapas da produ\u00e7\u00e3o), express\u00f5es e tom visual dos apresentadores.<\/td><td>Pacote por S\u00e9rie (20-35 elementos).<\/td><\/tr><tr><td><strong>Moodboard de Experi\u00eancia (Agro)<\/strong><\/td><td>Definir a atmosfera e a est\u00e9tica visual para uma experi\u00eancia de marca agro (feira, dia de campo, visita \u00e0 propriedade).<\/td><td>Cores e texturas dos ambientes (estande, campo), ilumina\u00e7\u00e3o, elementos decorativos, intera\u00e7\u00e3o visual com o p\u00fablico, demonstra\u00e7\u00f5es visuais de produtos\/tecnologia, atmosfera geral do evento.<\/td><td>Pacote por Experi\u00eancia (30-50 elementos).<\/td><\/tr><tr><td><strong>Moodboard de Produto Espec\u00edfico<\/strong><\/td><td>Definir a &#8220;vibe&#8221; e o estilo visual focado em um produto agro espec\u00edfico (ex: semente X, m\u00e1quina Y, produto Z).<\/td><td>Cores e texturas do produto\/embalagem, estilos de fotografia que valorizam o produto (macro, em uso), ambientes de uso, elementos visuais que representam os benef\u00edcios (ex: crescimento, efici\u00eancia).<\/td><td>Pacote por Produto (15-25 elementos).<\/td><\/tr><\/tbody><\/table><\/figure>\n\n\n\n<h2 class=\"wp-block-heading\"><strong>Cultivando Sua Vibe, Sua Hist\u00f3ria e Seu Flow Aut\u00eantico no Campo<\/strong><\/h2>\n\n\n\n<figure class=\"wp-block-image size-full\"><img loading=\"lazy\" decoding=\"async\" width=\"1408\" height=\"768\" src=\"https:\/\/agenciacarcara.com.br\/marketingagronegocio\/wp-content\/uploads\/2025\/05\/Moodboard-no-Campo-Sua-Marca-Agro-Tem-Raizes-Mas-Tem-Vibe-4.jpg\" alt=\"\u00c9 aqui que entra o\u00a0Moodboard\u00a0\u2013 n\u00e3o como substituto do MIV, mas como seu\u00a0parceiro estrat\u00e9gico e criativo no campo. Se o MIV te d\u00e1 as regras visuais para ser profissional e consistente, o Moodboard te d\u00e1 a inspira\u00e7\u00e3o, a atmosfera, o &quot;feeling&quot; que transforma sua marca agro em uma experi\u00eancia aut\u00eantica para o p\u00fablico. A Ag\u00eancia Carcar\u00e1 entende que, para marcas agro que querem atrair, conectar e vender (seja produtos, servi\u00e7os ou sua pr\u00f3pria hist\u00f3ria), ter uma identidade visual vibrante vai al\u00e9m de um manual; \u00e9 ter um universo visual em constante expans\u00e3o, com a &quot;vibe&quot; certa para cada momento e p\u00fablico. Este post \u00e9 um convite para voc\u00ea, do agroneg\u00f3cio, desvendar o poder do Moodboard e como ele pode ser a chave para criar um &quot;flow&quot; de conte\u00fado aut\u00eantico e magn\u00e9tico para a sua marca no campo.\" class=\"wp-image-23799\" srcset=\"https:\/\/agenciacarcara.com.br\/marketingagronegocio\/wp-content\/uploads\/2025\/05\/Moodboard-no-Campo-Sua-Marca-Agro-Tem-Raizes-Mas-Tem-Vibe-4.jpg 1408w, https:\/\/agenciacarcara.com.br\/marketingagronegocio\/wp-content\/uploads\/2025\/05\/Moodboard-no-Campo-Sua-Marca-Agro-Tem-Raizes-Mas-Tem-Vibe-4-300x164.jpg 300w, https:\/\/agenciacarcara.com.br\/marketingagronegocio\/wp-content\/uploads\/2025\/05\/Moodboard-no-Campo-Sua-Marca-Agro-Tem-Raizes-Mas-Tem-Vibe-4-1024x559.jpg 1024w, https:\/\/agenciacarcara.com.br\/marketingagronegocio\/wp-content\/uploads\/2025\/05\/Moodboard-no-Campo-Sua-Marca-Agro-Tem-Raizes-Mas-Tem-Vibe-4-768x419.jpg 768w, https:\/\/agenciacarcara.com.br\/marketingagronegocio\/wp-content\/uploads\/2025\/05\/Moodboard-no-Campo-Sua-Marca-Agro-Tem-Raizes-Mas-Tem-Vibe-4-370x202.jpg 370w, https:\/\/agenciacarcara.com.br\/marketingagronegocio\/wp-content\/uploads\/2025\/05\/Moodboard-no-Campo-Sua-Marca-Agro-Tem-Raizes-Mas-Tem-Vibe-4-840x458.jpg 840w, https:\/\/agenciacarcara.com.br\/marketingagronegocio\/wp-content\/uploads\/2025\/05\/Moodboard-no-Campo-Sua-Marca-Agro-Tem-Raizes-Mas-Tem-Vibe-4-410x224.jpg 410w\" sizes=\"(max-width: 1408px) 100vw, 1408px\" \/><\/figure>\n\n\n\n<p>No agroneg\u00f3cio da era digital, onde a autenticidade, a conex\u00e3o e a &#8220;vibe&#8221; contam hist\u00f3rias, ter apenas um Manual de Identidade Visual profissional n\u00e3o basta. O&nbsp;<strong>Moodboard<\/strong>&nbsp;surge como a ferramenta estrat\u00e9gica e criativa que complementa o MIV, ajudando marcas agro (fazendas, ind\u00fastrias, produtos, pessoas) a definir a atmosfera e o &#8220;feeling&#8221; que transformam sua comunica\u00e7\u00e3o visual em um universo magn\u00e9tico e em constante evolu\u00e7\u00e3o.<\/p>\n\n\n\n<p>Ele \u00e9 a chave para gerar ideias infinitas de conte\u00fado sobre o seu universo, criar narrativas visuais que ressoam com o p\u00fablico (dentro e fora da porteira) e construir um &#8220;flow&#8221; aut\u00eantico que atrai, conecta e impulsiona neg\u00f3cios, pessoas e hist\u00f3rias no agroneg\u00f3cio, sem precisar for\u00e7ar a porteira.<\/p>\n\n\n\n<p>Pronto para ir al\u00e9m do MIV e cultivar a vibe, a hist\u00f3ria e o flow aut\u00eantico da sua marca no campo?<\/p>\n\n\n\n<p>Fale com a Ag\u00eancia Carcar\u00e1. Vamos desvendar o poder do Moodboard e <a href=\"https:\/\/agenciacarcara.com.br\/marketingagronegocio\/servicos-agromarketing\/\">criar um universo visual que atrai<\/a>, conecta e vende para o seu p\u00fablico no agroneg\u00f3cio!<\/p>\n\n\n\n<h2 class=\"wp-block-heading\"><strong>Conectamos pessoas! Em Bras\u00edlia e no Brasil com as melhores pr\u00e1ticas e t\u00e9cnicas de comunica\u00e7\u00e3o e estrat\u00e9gica do mercado.<\/strong><\/h2>\n\n\n\n<figure class=\"wp-block-image\"><img loading=\"lazy\" decoding=\"async\" width=\"1024\" height=\"569\" src=\"https:\/\/agenciacarcara.com.br\/marketingagronegocio\/wp-content\/uploads\/2024\/05\/melhor-agencia-de-marketing-agronegocio-carcara-agromarketing-4-1024x569.jpg\" alt=\"A Carcar\u00e1, ag\u00eancia especializada em Agromarketing, te ajuda a construir uma cultura de engajamento que fortalece os la\u00e7os entre a empresa e seus colaboradores, com o auxilio do Endomarketing, impulsionando a produtividade, a motiva\u00e7\u00e3o e o orgulho de pertencer a uma equipe vencedora.\" class=\"wp-image-23067\" srcset=\"https:\/\/agenciacarcara.com.br\/marketingagronegocio\/wp-content\/uploads\/2024\/05\/melhor-agencia-de-marketing-agronegocio-carcara-agromarketing-4-1024x569.jpg 1024w, https:\/\/agenciacarcara.com.br\/marketingagronegocio\/wp-content\/uploads\/2024\/05\/melhor-agencia-de-marketing-agronegocio-carcara-agromarketing-4-300x167.jpg 300w, https:\/\/agenciacarcara.com.br\/marketingagronegocio\/wp-content\/uploads\/2024\/05\/melhor-agencia-de-marketing-agronegocio-carcara-agromarketing-4-768x427.jpg 768w, https:\/\/agenciacarcara.com.br\/marketingagronegocio\/wp-content\/uploads\/2024\/05\/melhor-agencia-de-marketing-agronegocio-carcara-agromarketing-4-370x206.jpg 370w, https:\/\/agenciacarcara.com.br\/marketingagronegocio\/wp-content\/uploads\/2024\/05\/melhor-agencia-de-marketing-agronegocio-carcara-agromarketing-4-840x467.jpg 840w, https:\/\/agenciacarcara.com.br\/marketingagronegocio\/wp-content\/uploads\/2024\/05\/melhor-agencia-de-marketing-agronegocio-carcara-agromarketing-4-410x228.jpg 410w, https:\/\/agenciacarcara.com.br\/marketingagronegocio\/wp-content\/uploads\/2024\/05\/melhor-agencia-de-marketing-agronegocio-carcara-agromarketing-4.jpg 1350w\" sizes=\"(max-width: 1024px) 100vw, 1024px\" \/><\/figure>\n\n\n\n<h3 class=\"wp-block-heading\">Voc\u00ea sabe qual \u00e9 o nosso real diferencial? Al\u00e9m de inovadores, criamos<a href=\"https:\/\/agenciacarcara.com.br\/portfolio-agencia-carcara\/\">conceito em todos os nossos projetos .<\/a>Solicite um or\u00e7amento, vamos tomar um caf\u00e9 e entender suas necessidades e elaborar uma solu\u00e7\u00e3o diferenciada para voc\u00ea!&nbsp;<a href=\"https:\/\/agenciacarcara.com.br\/contato\/\">Saiba mais.<\/a><\/h3>\n\n\n\n<p><strong>Conhe\u00e7a nossos canais sociais<\/strong>:&nbsp;<a href=\"https:\/\/instagram.com\/agenciacarcara\">Instagram<\/a>,&nbsp;<a href=\"https:\/\/www.facebook.com\/agenciacarcarabr\">Facebook<\/a>&nbsp;e&nbsp;<a href=\"https:\/\/www.youtube.com\/channel\/UCTre6VaKYncncM52UEA3eEw?sub_confirmation=1\">Youtube<\/a><\/p>\n","protected":false},"excerpt":{"rendered":"<p>Sua Marca Agro Tem Ra\u00edzes, Mas Tem Vibe? Desvendando o Poder do Moodboard no Campo (Vai Muito Al\u00e9m de Imagens Bonitas!) Sua marca agro (seja uma fazenda, ind\u00fastria, produto ou&hellip;<\/p>\n","protected":false},"author":1,"featured_media":23795,"comment_status":"closed","ping_status":"closed","sticky":false,"template":"","format":"standard","meta":{"footnotes":""},"categories":[238,214,249],"tags":[],"class_list":["post-23790","post","type-post","status-publish","format-standard","has-post-thumbnail","hentry","category-branding","category-marketing-fazendas","category-moodboard"],"yoast_head":"<!-- This site is optimized with the Yoast SEO plugin v27.4 - https:\/\/yoast.com\/product\/yoast-seo-wordpress\/ -->\n<title>Moodboard no Campo Sua Marca Agro Tem Ra\u00edzes, Mas Tem Vibe? - Ag\u00eancia Carcar\u00e1 Marketing Agroneg\u00f3cio<\/title>\n<meta name=\"robots\" content=\"index, follow, max-snippet:-1, max-image-preview:large, max-video-preview:-1\" \/>\n<link rel=\"canonical\" href=\"https:\/\/agenciacarcara.com.br\/marketingagronegocio\/moodboard-no-campo-sua-marca-agro-tem-raizes-mas-tem-vibe\/\" \/>\n<meta property=\"og:locale\" content=\"en_US\" \/>\n<meta property=\"og:type\" content=\"article\" \/>\n<meta property=\"og:title\" content=\"Moodboard no Campo Sua Marca Agro Tem Ra\u00edzes, Mas Tem Vibe? - Ag\u00eancia Carcar\u00e1 Marketing Agroneg\u00f3cio\" \/>\n<meta property=\"og:description\" content=\"Sua Marca Agro Tem Ra\u00edzes, Mas Tem Vibe? Desvendando o Poder do Moodboard no Campo (Vai Muito Al\u00e9m de Imagens Bonitas!) Sua marca agro (seja uma fazenda, ind\u00fastria, produto ou&hellip;\" \/>\n<meta property=\"og:url\" content=\"https:\/\/agenciacarcara.com.br\/marketingagronegocio\/moodboard-no-campo-sua-marca-agro-tem-raizes-mas-tem-vibe\/\" \/>\n<meta property=\"og:site_name\" content=\"Ag\u00eancia Carcar\u00e1 Marketing Agroneg\u00f3cio\" \/>\n<meta property=\"article:publisher\" content=\"https:\/\/www.facebook.com\/agenciacarcarabr\" \/>\n<meta property=\"article:published_time\" content=\"2025-05-09T23:15:34+00:00\" \/>\n<meta property=\"article:modified_time\" content=\"2025-05-09T23:15:36+00:00\" \/>\n<meta property=\"og:image\" content=\"http:\/\/agenciacarcara.com.br\/marketingagronegocio\/wp-content\/uploads\/2025\/05\/Moodboard-no-Campo-Sua-Marca-Agro-Tem-Raizes-Mas-Tem-Vibe-9.jpg\" \/>\n\t<meta property=\"og:image:width\" content=\"1408\" \/>\n\t<meta property=\"og:image:height\" content=\"768\" \/>\n\t<meta property=\"og:image:type\" content=\"image\/jpeg\" \/>\n<meta name=\"author\" content=\"Mkt_adm_agro_24_car\" \/>\n<meta name=\"twitter:card\" content=\"summary_large_image\" \/>\n<meta name=\"twitter:creator\" content=\"@agenciacarcara\" \/>\n<meta name=\"twitter:site\" content=\"@agenciacarcara\" \/>\n<meta name=\"twitter:label1\" content=\"Written by\" \/>\n\t<meta name=\"twitter:data1\" content=\"Mkt_adm_agro_24_car\" \/>\n\t<meta name=\"twitter:label2\" content=\"Est. reading time\" \/>\n\t<meta name=\"twitter:data2\" content=\"14 minutes\" \/>\n<script type=\"application\/ld+json\" class=\"yoast-schema-graph\">{\"@context\":\"https:\\\/\\\/schema.org\",\"@graph\":[{\"@type\":\"Article\",\"@id\":\"https:\\\/\\\/agenciacarcara.com.br\\\/marketingagronegocio\\\/moodboard-no-campo-sua-marca-agro-tem-raizes-mas-tem-vibe\\\/#article\",\"isPartOf\":{\"@id\":\"https:\\\/\\\/agenciacarcara.com.br\\\/marketingagronegocio\\\/moodboard-no-campo-sua-marca-agro-tem-raizes-mas-tem-vibe\\\/\"},\"author\":{\"name\":\"Mkt_adm_agro_24_car\",\"@id\":\"https:\\\/\\\/agenciacarcara.com.br\\\/marketingagronegocio\\\/#\\\/schema\\\/person\\\/636cfcb9bda7b87de9ee1cf3c9dea1f9\"},\"headline\":\"Moodboard no Campo Sua Marca Agro Tem Ra\u00edzes, Mas Tem Vibe?\",\"datePublished\":\"2025-05-09T23:15:34+00:00\",\"dateModified\":\"2025-05-09T23:15:36+00:00\",\"mainEntityOfPage\":{\"@id\":\"https:\\\/\\\/agenciacarcara.com.br\\\/marketingagronegocio\\\/moodboard-no-campo-sua-marca-agro-tem-raizes-mas-tem-vibe\\\/\"},\"wordCount\":2475,\"publisher\":{\"@id\":\"https:\\\/\\\/agenciacarcara.com.br\\\/marketingagronegocio\\\/#organization\"},\"image\":{\"@id\":\"https:\\\/\\\/agenciacarcara.com.br\\\/marketingagronegocio\\\/moodboard-no-campo-sua-marca-agro-tem-raizes-mas-tem-vibe\\\/#primaryimage\"},\"thumbnailUrl\":\"https:\\\/\\\/agenciacarcara.com.br\\\/marketingagronegocio\\\/wp-content\\\/uploads\\\/2025\\\/05\\\/Moodboard-no-Campo-Sua-Marca-Agro-Tem-Raizes-Mas-Tem-Vibe-9.jpg\",\"articleSection\":[\"Branding\",\"Marketing Fazendas\",\"Moodboard\"],\"inLanguage\":\"en-US\"},{\"@type\":\"WebPage\",\"@id\":\"https:\\\/\\\/agenciacarcara.com.br\\\/marketingagronegocio\\\/moodboard-no-campo-sua-marca-agro-tem-raizes-mas-tem-vibe\\\/\",\"url\":\"https:\\\/\\\/agenciacarcara.com.br\\\/marketingagronegocio\\\/moodboard-no-campo-sua-marca-agro-tem-raizes-mas-tem-vibe\\\/\",\"name\":\"Moodboard no Campo Sua Marca Agro Tem Ra\u00edzes, Mas Tem Vibe? - Ag\u00eancia Carcar\u00e1 Marketing Agroneg\u00f3cio\",\"isPartOf\":{\"@id\":\"https:\\\/\\\/agenciacarcara.com.br\\\/marketingagronegocio\\\/#website\"},\"primaryImageOfPage\":{\"@id\":\"https:\\\/\\\/agenciacarcara.com.br\\\/marketingagronegocio\\\/moodboard-no-campo-sua-marca-agro-tem-raizes-mas-tem-vibe\\\/#primaryimage\"},\"image\":{\"@id\":\"https:\\\/\\\/agenciacarcara.com.br\\\/marketingagronegocio\\\/moodboard-no-campo-sua-marca-agro-tem-raizes-mas-tem-vibe\\\/#primaryimage\"},\"thumbnailUrl\":\"https:\\\/\\\/agenciacarcara.com.br\\\/marketingagronegocio\\\/wp-content\\\/uploads\\\/2025\\\/05\\\/Moodboard-no-Campo-Sua-Marca-Agro-Tem-Raizes-Mas-Tem-Vibe-9.jpg\",\"datePublished\":\"2025-05-09T23:15:34+00:00\",\"dateModified\":\"2025-05-09T23:15:36+00:00\",\"breadcrumb\":{\"@id\":\"https:\\\/\\\/agenciacarcara.com.br\\\/marketingagronegocio\\\/moodboard-no-campo-sua-marca-agro-tem-raizes-mas-tem-vibe\\\/#breadcrumb\"},\"inLanguage\":\"en-US\",\"potentialAction\":[{\"@type\":\"ReadAction\",\"target\":[\"https:\\\/\\\/agenciacarcara.com.br\\\/marketingagronegocio\\\/moodboard-no-campo-sua-marca-agro-tem-raizes-mas-tem-vibe\\\/\"]}]},{\"@type\":\"ImageObject\",\"inLanguage\":\"en-US\",\"@id\":\"https:\\\/\\\/agenciacarcara.com.br\\\/marketingagronegocio\\\/moodboard-no-campo-sua-marca-agro-tem-raizes-mas-tem-vibe\\\/#primaryimage\",\"url\":\"https:\\\/\\\/agenciacarcara.com.br\\\/marketingagronegocio\\\/wp-content\\\/uploads\\\/2025\\\/05\\\/Moodboard-no-Campo-Sua-Marca-Agro-Tem-Raizes-Mas-Tem-Vibe-9.jpg\",\"contentUrl\":\"https:\\\/\\\/agenciacarcara.com.br\\\/marketingagronegocio\\\/wp-content\\\/uploads\\\/2025\\\/05\\\/Moodboard-no-Campo-Sua-Marca-Agro-Tem-Raizes-Mas-Tem-Vibe-9.jpg\",\"width\":1408,\"height\":768,\"caption\":\"A diagrama\u00e7\u00e3o de um relat\u00f3rio de sustentabilidade GRI \u00e9 um investimento estrat\u00e9gico que fortalece a sua marca, comunica seus valores e impulsiona seus resultados. A Ag\u00eancia Carcar\u00e1, com sua expertise em design, comunica\u00e7\u00e3o e sustentabilidade, est\u00e1 pronta para te ajudar a criar um relat\u00f3rio que se destaque, engaje seu p\u00fablico e impulsione o sucesso do seu neg\u00f3cio.\"},{\"@type\":\"BreadcrumbList\",\"@id\":\"https:\\\/\\\/agenciacarcara.com.br\\\/marketingagronegocio\\\/moodboard-no-campo-sua-marca-agro-tem-raizes-mas-tem-vibe\\\/#breadcrumb\",\"itemListElement\":[{\"@type\":\"ListItem\",\"position\":1,\"name\":\"In\u00edcio\",\"item\":\"https:\\\/\\\/agenciacarcara.com.br\\\/marketingagronegocio\\\/\"},{\"@type\":\"ListItem\",\"position\":2,\"name\":\"Moodboard no Campo Sua Marca Agro Tem Ra\u00edzes, Mas Tem Vibe?\"}]},{\"@type\":\"WebSite\",\"@id\":\"https:\\\/\\\/agenciacarcara.com.br\\\/marketingagronegocio\\\/#website\",\"url\":\"https:\\\/\\\/agenciacarcara.com.br\\\/marketingagronegocio\\\/\",\"name\":\"Ag\u00eancia Carcar\u00e1 Marketing Agroneg\u00f3cio\",\"description\":\"\u00c9 a parceira estrat\u00e9gica no agromarketing e no digital que impulsiona o seu neg\u00f3cio no agroneg\u00f3cio e agroind\u00fastria.\",\"publisher\":{\"@id\":\"https:\\\/\\\/agenciacarcara.com.br\\\/marketingagronegocio\\\/#organization\"},\"potentialAction\":[{\"@type\":\"SearchAction\",\"target\":{\"@type\":\"EntryPoint\",\"urlTemplate\":\"https:\\\/\\\/agenciacarcara.com.br\\\/marketingagronegocio\\\/?s={search_term_string}\"},\"query-input\":{\"@type\":\"PropertyValueSpecification\",\"valueRequired\":true,\"valueName\":\"search_term_string\"}}],\"inLanguage\":\"en-US\"},{\"@type\":\"Organization\",\"@id\":\"https:\\\/\\\/agenciacarcara.com.br\\\/marketingagronegocio\\\/#organization\",\"name\":\"Ag\u00eancia Carcar\u00e1 Marketing Agroneg\u00f3cio\",\"url\":\"https:\\\/\\\/agenciacarcara.com.br\\\/marketingagronegocio\\\/\",\"logo\":{\"@type\":\"ImageObject\",\"inLanguage\":\"en-US\",\"@id\":\"https:\\\/\\\/agenciacarcara.com.br\\\/marketingagronegocio\\\/#\\\/schema\\\/logo\\\/image\\\/\",\"url\":\"https:\\\/\\\/agenciacarcara.com.br\\\/marketingagronegocio\\\/wp-content\\\/uploads\\\/2024\\\/05\\\/logo-3-retina-1.png\",\"contentUrl\":\"https:\\\/\\\/agenciacarcara.com.br\\\/marketingagronegocio\\\/wp-content\\\/uploads\\\/2024\\\/05\\\/logo-3-retina-1.png\",\"width\":346,\"height\":106,\"caption\":\"Ag\u00eancia Carcar\u00e1 Marketing Agroneg\u00f3cio\"},\"image\":{\"@id\":\"https:\\\/\\\/agenciacarcara.com.br\\\/marketingagronegocio\\\/#\\\/schema\\\/logo\\\/image\\\/\"},\"sameAs\":[\"https:\\\/\\\/www.facebook.com\\\/agenciacarcarabr\",\"https:\\\/\\\/x.com\\\/agenciacarcara\",\"https:\\\/\\\/www.youtube.com\\\/channel\\\/UCTre6VaKYncncM52UEA3eEw?sub_confirmation=1\",\"https:\\\/\\\/www.linkedin.com\\\/company-beta\\\/3599884\",\"https:\\\/\\\/instagram.com\\\/agenciacarcara\"]},{\"@type\":\"Person\",\"@id\":\"https:\\\/\\\/agenciacarcara.com.br\\\/marketingagronegocio\\\/#\\\/schema\\\/person\\\/636cfcb9bda7b87de9ee1cf3c9dea1f9\",\"name\":\"Mkt_adm_agro_24_car\",\"image\":{\"@type\":\"ImageObject\",\"inLanguage\":\"en-US\",\"@id\":\"https:\\\/\\\/secure.gravatar.com\\\/avatar\\\/8e1ddc1c4c40850fbe7576367b93b63f63d8d6c8099bdc47fa17826faad3f759?s=96&d=mm&r=g\",\"url\":\"https:\\\/\\\/secure.gravatar.com\\\/avatar\\\/8e1ddc1c4c40850fbe7576367b93b63f63d8d6c8099bdc47fa17826faad3f759?s=96&d=mm&r=g\",\"contentUrl\":\"https:\\\/\\\/secure.gravatar.com\\\/avatar\\\/8e1ddc1c4c40850fbe7576367b93b63f63d8d6c8099bdc47fa17826faad3f759?s=96&d=mm&r=g\",\"caption\":\"Mkt_adm_agro_24_car\"},\"sameAs\":[\"http:\\\/\\\/agenciacarcara.com.br\\\/marketingagronegocio\"],\"url\":\"https:\\\/\\\/agenciacarcara.com.br\\\/marketingagronegocio\\\/author\\\/mkt_adm_agro_24_car\\\/\"}]}<\/script>\n<!-- \/ Yoast SEO plugin. -->","yoast_head_json":{"title":"Moodboard no Campo Sua Marca Agro Tem Ra\u00edzes, Mas Tem Vibe? - Ag\u00eancia Carcar\u00e1 Marketing Agroneg\u00f3cio","robots":{"index":"index","follow":"follow","max-snippet":"max-snippet:-1","max-image-preview":"max-image-preview:large","max-video-preview":"max-video-preview:-1"},"canonical":"https:\/\/agenciacarcara.com.br\/marketingagronegocio\/moodboard-no-campo-sua-marca-agro-tem-raizes-mas-tem-vibe\/","og_locale":"en_US","og_type":"article","og_title":"Moodboard no Campo Sua Marca Agro Tem Ra\u00edzes, Mas Tem Vibe? - Ag\u00eancia Carcar\u00e1 Marketing Agroneg\u00f3cio","og_description":"Sua Marca Agro Tem Ra\u00edzes, Mas Tem Vibe? Desvendando o Poder do Moodboard no Campo (Vai Muito Al\u00e9m de Imagens Bonitas!) Sua marca agro (seja uma fazenda, ind\u00fastria, produto ou&hellip;","og_url":"https:\/\/agenciacarcara.com.br\/marketingagronegocio\/moodboard-no-campo-sua-marca-agro-tem-raizes-mas-tem-vibe\/","og_site_name":"Ag\u00eancia Carcar\u00e1 Marketing Agroneg\u00f3cio","article_publisher":"https:\/\/www.facebook.com\/agenciacarcarabr","article_published_time":"2025-05-09T23:15:34+00:00","article_modified_time":"2025-05-09T23:15:36+00:00","og_image":[{"width":1408,"height":768,"url":"http:\/\/agenciacarcara.com.br\/marketingagronegocio\/wp-content\/uploads\/2025\/05\/Moodboard-no-Campo-Sua-Marca-Agro-Tem-Raizes-Mas-Tem-Vibe-9.jpg","type":"image\/jpeg"}],"author":"Mkt_adm_agro_24_car","twitter_card":"summary_large_image","twitter_creator":"@agenciacarcara","twitter_site":"@agenciacarcara","twitter_misc":{"Written by":"Mkt_adm_agro_24_car","Est. reading time":"14 minutes"},"schema":{"@context":"https:\/\/schema.org","@graph":[{"@type":"Article","@id":"https:\/\/agenciacarcara.com.br\/marketingagronegocio\/moodboard-no-campo-sua-marca-agro-tem-raizes-mas-tem-vibe\/#article","isPartOf":{"@id":"https:\/\/agenciacarcara.com.br\/marketingagronegocio\/moodboard-no-campo-sua-marca-agro-tem-raizes-mas-tem-vibe\/"},"author":{"name":"Mkt_adm_agro_24_car","@id":"https:\/\/agenciacarcara.com.br\/marketingagronegocio\/#\/schema\/person\/636cfcb9bda7b87de9ee1cf3c9dea1f9"},"headline":"Moodboard no Campo Sua Marca Agro Tem Ra\u00edzes, Mas Tem Vibe?","datePublished":"2025-05-09T23:15:34+00:00","dateModified":"2025-05-09T23:15:36+00:00","mainEntityOfPage":{"@id":"https:\/\/agenciacarcara.com.br\/marketingagronegocio\/moodboard-no-campo-sua-marca-agro-tem-raizes-mas-tem-vibe\/"},"wordCount":2475,"publisher":{"@id":"https:\/\/agenciacarcara.com.br\/marketingagronegocio\/#organization"},"image":{"@id":"https:\/\/agenciacarcara.com.br\/marketingagronegocio\/moodboard-no-campo-sua-marca-agro-tem-raizes-mas-tem-vibe\/#primaryimage"},"thumbnailUrl":"https:\/\/agenciacarcara.com.br\/marketingagronegocio\/wp-content\/uploads\/2025\/05\/Moodboard-no-Campo-Sua-Marca-Agro-Tem-Raizes-Mas-Tem-Vibe-9.jpg","articleSection":["Branding","Marketing Fazendas","Moodboard"],"inLanguage":"en-US"},{"@type":"WebPage","@id":"https:\/\/agenciacarcara.com.br\/marketingagronegocio\/moodboard-no-campo-sua-marca-agro-tem-raizes-mas-tem-vibe\/","url":"https:\/\/agenciacarcara.com.br\/marketingagronegocio\/moodboard-no-campo-sua-marca-agro-tem-raizes-mas-tem-vibe\/","name":"Moodboard no Campo Sua Marca Agro Tem Ra\u00edzes, Mas Tem Vibe? - Ag\u00eancia Carcar\u00e1 Marketing Agroneg\u00f3cio","isPartOf":{"@id":"https:\/\/agenciacarcara.com.br\/marketingagronegocio\/#website"},"primaryImageOfPage":{"@id":"https:\/\/agenciacarcara.com.br\/marketingagronegocio\/moodboard-no-campo-sua-marca-agro-tem-raizes-mas-tem-vibe\/#primaryimage"},"image":{"@id":"https:\/\/agenciacarcara.com.br\/marketingagronegocio\/moodboard-no-campo-sua-marca-agro-tem-raizes-mas-tem-vibe\/#primaryimage"},"thumbnailUrl":"https:\/\/agenciacarcara.com.br\/marketingagronegocio\/wp-content\/uploads\/2025\/05\/Moodboard-no-Campo-Sua-Marca-Agro-Tem-Raizes-Mas-Tem-Vibe-9.jpg","datePublished":"2025-05-09T23:15:34+00:00","dateModified":"2025-05-09T23:15:36+00:00","breadcrumb":{"@id":"https:\/\/agenciacarcara.com.br\/marketingagronegocio\/moodboard-no-campo-sua-marca-agro-tem-raizes-mas-tem-vibe\/#breadcrumb"},"inLanguage":"en-US","potentialAction":[{"@type":"ReadAction","target":["https:\/\/agenciacarcara.com.br\/marketingagronegocio\/moodboard-no-campo-sua-marca-agro-tem-raizes-mas-tem-vibe\/"]}]},{"@type":"ImageObject","inLanguage":"en-US","@id":"https:\/\/agenciacarcara.com.br\/marketingagronegocio\/moodboard-no-campo-sua-marca-agro-tem-raizes-mas-tem-vibe\/#primaryimage","url":"https:\/\/agenciacarcara.com.br\/marketingagronegocio\/wp-content\/uploads\/2025\/05\/Moodboard-no-Campo-Sua-Marca-Agro-Tem-Raizes-Mas-Tem-Vibe-9.jpg","contentUrl":"https:\/\/agenciacarcara.com.br\/marketingagronegocio\/wp-content\/uploads\/2025\/05\/Moodboard-no-Campo-Sua-Marca-Agro-Tem-Raizes-Mas-Tem-Vibe-9.jpg","width":1408,"height":768,"caption":"A diagrama\u00e7\u00e3o de um relat\u00f3rio de sustentabilidade GRI \u00e9 um investimento estrat\u00e9gico que fortalece a sua marca, comunica seus valores e impulsiona seus resultados. A Ag\u00eancia Carcar\u00e1, com sua expertise em design, comunica\u00e7\u00e3o e sustentabilidade, est\u00e1 pronta para te ajudar a criar um relat\u00f3rio que se destaque, engaje seu p\u00fablico e impulsione o sucesso do seu neg\u00f3cio."},{"@type":"BreadcrumbList","@id":"https:\/\/agenciacarcara.com.br\/marketingagronegocio\/moodboard-no-campo-sua-marca-agro-tem-raizes-mas-tem-vibe\/#breadcrumb","itemListElement":[{"@type":"ListItem","position":1,"name":"In\u00edcio","item":"https:\/\/agenciacarcara.com.br\/marketingagronegocio\/"},{"@type":"ListItem","position":2,"name":"Moodboard no Campo Sua Marca Agro Tem Ra\u00edzes, Mas Tem Vibe?"}]},{"@type":"WebSite","@id":"https:\/\/agenciacarcara.com.br\/marketingagronegocio\/#website","url":"https:\/\/agenciacarcara.com.br\/marketingagronegocio\/","name":"Ag\u00eancia Carcar\u00e1 Marketing Agroneg\u00f3cio","description":"\u00c9 a parceira estrat\u00e9gica no agromarketing e no digital que impulsiona o seu neg\u00f3cio no agroneg\u00f3cio e agroind\u00fastria.","publisher":{"@id":"https:\/\/agenciacarcara.com.br\/marketingagronegocio\/#organization"},"potentialAction":[{"@type":"SearchAction","target":{"@type":"EntryPoint","urlTemplate":"https:\/\/agenciacarcara.com.br\/marketingagronegocio\/?s={search_term_string}"},"query-input":{"@type":"PropertyValueSpecification","valueRequired":true,"valueName":"search_term_string"}}],"inLanguage":"en-US"},{"@type":"Organization","@id":"https:\/\/agenciacarcara.com.br\/marketingagronegocio\/#organization","name":"Ag\u00eancia Carcar\u00e1 Marketing Agroneg\u00f3cio","url":"https:\/\/agenciacarcara.com.br\/marketingagronegocio\/","logo":{"@type":"ImageObject","inLanguage":"en-US","@id":"https:\/\/agenciacarcara.com.br\/marketingagronegocio\/#\/schema\/logo\/image\/","url":"https:\/\/agenciacarcara.com.br\/marketingagronegocio\/wp-content\/uploads\/2024\/05\/logo-3-retina-1.png","contentUrl":"https:\/\/agenciacarcara.com.br\/marketingagronegocio\/wp-content\/uploads\/2024\/05\/logo-3-retina-1.png","width":346,"height":106,"caption":"Ag\u00eancia Carcar\u00e1 Marketing Agroneg\u00f3cio"},"image":{"@id":"https:\/\/agenciacarcara.com.br\/marketingagronegocio\/#\/schema\/logo\/image\/"},"sameAs":["https:\/\/www.facebook.com\/agenciacarcarabr","https:\/\/x.com\/agenciacarcara","https:\/\/www.youtube.com\/channel\/UCTre6VaKYncncM52UEA3eEw?sub_confirmation=1","https:\/\/www.linkedin.com\/company-beta\/3599884","https:\/\/instagram.com\/agenciacarcara"]},{"@type":"Person","@id":"https:\/\/agenciacarcara.com.br\/marketingagronegocio\/#\/schema\/person\/636cfcb9bda7b87de9ee1cf3c9dea1f9","name":"Mkt_adm_agro_24_car","image":{"@type":"ImageObject","inLanguage":"en-US","@id":"https:\/\/secure.gravatar.com\/avatar\/8e1ddc1c4c40850fbe7576367b93b63f63d8d6c8099bdc47fa17826faad3f759?s=96&d=mm&r=g","url":"https:\/\/secure.gravatar.com\/avatar\/8e1ddc1c4c40850fbe7576367b93b63f63d8d6c8099bdc47fa17826faad3f759?s=96&d=mm&r=g","contentUrl":"https:\/\/secure.gravatar.com\/avatar\/8e1ddc1c4c40850fbe7576367b93b63f63d8d6c8099bdc47fa17826faad3f759?s=96&d=mm&r=g","caption":"Mkt_adm_agro_24_car"},"sameAs":["http:\/\/agenciacarcara.com.br\/marketingagronegocio"],"url":"https:\/\/agenciacarcara.com.br\/marketingagronegocio\/author\/mkt_adm_agro_24_car\/"}]}},"_links":{"self":[{"href":"https:\/\/agenciacarcara.com.br\/marketingagronegocio\/wp-json\/wp\/v2\/posts\/23790","targetHints":{"allow":["GET"]}}],"collection":[{"href":"https:\/\/agenciacarcara.com.br\/marketingagronegocio\/wp-json\/wp\/v2\/posts"}],"about":[{"href":"https:\/\/agenciacarcara.com.br\/marketingagronegocio\/wp-json\/wp\/v2\/types\/post"}],"author":[{"embeddable":true,"href":"https:\/\/agenciacarcara.com.br\/marketingagronegocio\/wp-json\/wp\/v2\/users\/1"}],"replies":[{"embeddable":true,"href":"https:\/\/agenciacarcara.com.br\/marketingagronegocio\/wp-json\/wp\/v2\/comments?post=23790"}],"version-history":[{"count":2,"href":"https:\/\/agenciacarcara.com.br\/marketingagronegocio\/wp-json\/wp\/v2\/posts\/23790\/revisions"}],"predecessor-version":[{"id":23803,"href":"https:\/\/agenciacarcara.com.br\/marketingagronegocio\/wp-json\/wp\/v2\/posts\/23790\/revisions\/23803"}],"wp:featuredmedia":[{"embeddable":true,"href":"https:\/\/agenciacarcara.com.br\/marketingagronegocio\/wp-json\/wp\/v2\/media\/23795"}],"wp:attachment":[{"href":"https:\/\/agenciacarcara.com.br\/marketingagronegocio\/wp-json\/wp\/v2\/media?parent=23790"}],"wp:term":[{"taxonomy":"category","embeddable":true,"href":"https:\/\/agenciacarcara.com.br\/marketingagronegocio\/wp-json\/wp\/v2\/categories?post=23790"},{"taxonomy":"post_tag","embeddable":true,"href":"https:\/\/agenciacarcara.com.br\/marketingagronegocio\/wp-json\/wp\/v2\/tags?post=23790"}],"curies":[{"name":"wp","href":"https:\/\/api.w.org\/{rel}","templated":true}]}}